{"id":20177,"date":"2025-12-15T17:28:23","date_gmt":"2025-12-15T20:28:23","guid":{"rendered":"https:\/\/www.ceat.cl\/inicio\/?p=20177"},"modified":"2025-12-15T17:28:31","modified_gmt":"2025-12-15T20:28:31","slug":"la-apologia-de-socrates-en-el-dia-mundial-de-la-filosofia","status":"publish","type":"post","link":"https:\/\/www.ceat.cl\/inicio\/la-apologia-de-socrates-en-el-dia-mundial-de-la-filosofia\/","title":{"rendered":"\u201cLa Apolog\u00eda de S\u00f3crates\u201d en el D\u00eda Mundial de la Filosof\u00eda"},"content":{"rendered":"<p>[et_pb_section fb_built=\u00bb1&#8243; _builder_version=\u00bb4.27.4&#8243; _module_preset=\u00bbdefault\u00bb global_colors_info=\u00bb{}\u00bb][et_pb_row _builder_version=\u00bb4.27.4&#8243; _module_preset=\u00bbdefault\u00bb custom_margin=\u00bb5px||5px||false|false\u00bb custom_padding=\u00bb5px||5px||false|false\u00bb global_colors_info=\u00bb{}\u00bb][et_pb_column type=\u00bb4_4&#8243; _builder_version=\u00bb4.27.4&#8243; _module_preset=\u00bbdefault\u00bb global_colors_info=\u00bb{}\u00bb][et_pb_text _builder_version=\u00bb4.27.4&#8243; _module_preset=\u00bbdefault\u00bb text_orientation=\u00bbjustified\u00bb global_colors_info=\u00bb{}\u00bb]Con el auditorio colmado de p\u00fablico, se present\u00f3 el pasado viernes 21 de noviembre al mediod\u00eda la obra \u201cLa Apolog\u00eda de S\u00f3crates\u201d, adaptada y dirigida por el profesor Erich Tapia. Este montaje correspondi\u00f3 al estreno de la segunda generaci\u00f3n del Club de Teatro Griego del CEAT y se realiz\u00f3 en la Corporaci\u00f3n Cultural de San Pedro de la Paz, en el marco del D\u00eda Mundial de la Filosof\u00eda, con una funci\u00f3n totalmente abierta a la comunidad.<\/p>\n<p>La obra abord\u00f3 el juicio del reconocido fil\u00f3sofo S\u00f3crates, acusado de corromper a los j\u00f3venes por incitarlos a pensar por s\u00ed mismos, y expuso elementos esenciales de la filosof\u00eda plat\u00f3nica, como la \u00e9tica y la b\u00fasqueda de la verdad, la justicia y la inmortalidad del alma. Adem\u00e1s, fue musicalizada en piano por nuestro egresado de 4\u00b0B, Abner Beltr\u00e1n, y en viol\u00edn por nuestro estudiante de 1\u00b0B, Leonard Sep\u00falveda, quienes interpretaron obras doctas de autores como Beethoven, Pachelbel y Shostakovich.<\/p>\n<p>Felicitamos a nuestro elenco, integrado por estudiantes de 1\u00b0 a 4\u00b0 medio, por su hermosa puesta en escena, compa\u00f1erismo, talento y compromiso con la cultura.[\/et_pb_text][\/et_pb_column][\/et_pb_row][et_pb_row column_structure=\u00bb1_2,1_2&#8243; _builder_version=\u00bb4.27.4&#8243; _module_preset=\u00bbdefault\u00bb custom_margin=\u00bb5px||5px||false|false\u00bb custom_padding=\u00bb5px||5px||false|false\u00bb global_colors_info=\u00bb{}\u00bb][et_pb_column type=\u00bb1_2&#8243; _builder_version=\u00bb4.27.4&#8243; _module_preset=\u00bbdefault\u00bb global_colors_info=\u00bb{}\u00bb][et_pb_image src=\u00bbhttps:\/\/www.ceat.cl\/inicio\/wp-content\/uploads\/2025\/12\/La-Apologia-de-Socrates-por-el-Dia-Mundial-de-la-Filosofia-2.jpg\u00bb title_text=\u00bb\u201cLa Apologi\u0301a de So\u0301crates\u201d por el Di\u0301a Mundial de la Filosofi\u0301a (2)\u00bb _builder_version=\u00bb4.27.4&#8243; _module_preset=\u00bbdefault\u00bb box_shadow_style=\u00bbpreset2&#8243; global_colors_info=\u00bb{}\u00bb][\/et_pb_image][\/et_pb_column][et_pb_column type=\u00bb1_2&#8243; _builder_version=\u00bb4.27.4&#8243; _module_preset=\u00bbdefault\u00bb global_colors_info=\u00bb{}\u00bb][et_pb_image src=\u00bbhttps:\/\/www.ceat.cl\/inicio\/wp-content\/uploads\/2025\/12\/La-Apologia-de-Socrates-por-el-Dia-Mundial-de-la-Filosofia-3.jpg\u00bb title_text=\u00bb\u201cLa Apologi\u0301a de So\u0301crates\u201d por el Di\u0301a Mundial de la Filosofi\u0301a (3)\u00bb _builder_version=\u00bb4.27.4&#8243; _module_preset=\u00bbdefault\u00bb box_shadow_style=\u00bbpreset2&#8243; global_colors_info=\u00bb{}\u00bb][\/et_pb_image][\/et_pb_column][\/et_pb_row][et_pb_row _builder_version=\u00bb4.27.4&#8243; _module_preset=\u00bbdefault\u00bb custom_margin=\u00bb5px||5px||false|false\u00bb custom_padding=\u00bb5px||5px||false|false\u00bb global_colors_info=\u00bb{}\u00bb][et_pb_column type=\u00bb4_4&#8243; _builder_version=\u00bb4.27.4&#8243; _module_preset=\u00bbdefault\u00bb global_colors_info=\u00bb{}\u00bb][et_pb_image src=\u00bbhttps:\/\/www.ceat.cl\/inicio\/wp-content\/uploads\/2025\/12\/La-Apologia-de-Socrates-por-el-Dia-Mundial-de-la-Filosofia.jpg\u00bb title_text=\u00bb\u201cLa Apologi\u0301a de So\u0301crates\u201d por el Di\u0301a Mundial de la Filosofi\u0301a\u00bb _builder_version=\u00bb4.27.4&#8243; _module_preset=\u00bbdefault\u00bb box_shadow_style=\u00bbpreset2&#8243; global_colors_info=\u00bb{}\u00bb][\/et_pb_image][\/et_pb_column][\/et_pb_row][\/et_pb_section]<\/p>\n","protected":false},"excerpt":{"rendered":"<p>Con el auditorio colmado de p\u00fablico, se present\u00f3 el pasado viernes 21 de noviembre al mediod\u00eda la obra \u201cLa Apolog\u00eda de S\u00f3crates\u201d, adaptada y dirigida por el profesor Erich Tapia. Este montaje correspondi\u00f3 al estreno de la segunda generaci\u00f3n del Club de Teatro Griego del CEAT y se realiz\u00f3 en la Corporaci\u00f3n Cultural de San [&hellip;]<\/p>\n","protected":false},"author":2,"featured_media":20182,"comment_status":"open","ping_status":"open","sticky":false,"template":"","format":"standard","meta":{"_et_pb_use_builder":"on","_et_pb_old_content":"","_et_gb_content_width":"","footnotes":""},"categories":[5,3],"tags":[],"class_list":["post-20177","post","type-post","status-publish","format-standard","has-post-thumbnail","hentry","category-noticias","category-not-liceo"],"_links":{"self":[{"href":"https:\/\/www.ceat.cl\/inicio\/wp-json\/wp\/v2\/posts\/20177","targetHints":{"allow":["GET"]}}],"collection":[{"href":"https:\/\/www.ceat.cl\/inicio\/wp-json\/wp\/v2\/posts"}],"about":[{"href":"https:\/\/www.ceat.cl\/inicio\/wp-json\/wp\/v2\/types\/post"}],"author":[{"embeddable":true,"href":"https:\/\/www.ceat.cl\/inicio\/wp-json\/wp\/v2\/users\/2"}],"replies":[{"embeddable":true,"href":"https:\/\/www.ceat.cl\/inicio\/wp-json\/wp\/v2\/comments?post=20177"}],"version-history":[{"count":3,"href":"https:\/\/www.ceat.cl\/inicio\/wp-json\/wp\/v2\/posts\/20177\/revisions"}],"predecessor-version":[{"id":20184,"href":"https:\/\/www.ceat.cl\/inicio\/wp-json\/wp\/v2\/posts\/20177\/revisions\/20184"}],"wp:featuredmedia":[{"embeddable":true,"href":"https:\/\/www.ceat.cl\/inicio\/wp-json\/wp\/v2\/media\/20182"}],"wp:attachment":[{"href":"https:\/\/www.ceat.cl\/inicio\/wp-json\/wp\/v2\/media?parent=20177"}],"wp:term":[{"taxonomy":"category","embeddable":true,"href":"https:\/\/www.ceat.cl\/inicio\/wp-json\/wp\/v2\/categories?post=20177"},{"taxonomy":"post_tag","embeddable":true,"href":"https:\/\/www.ceat.cl\/inicio\/wp-json\/wp\/v2\/tags?post=20177"}],"curies":[{"name":"wp","href":"https:\/\/api.w.org\/{rel}","templated":true}]}}