{"id":20185,"date":"2025-12-16T08:51:08","date_gmt":"2025-12-16T11:51:08","guid":{"rendered":"https:\/\/www.ceat.cl\/inicio\/?p=20185"},"modified":"2025-12-16T08:51:14","modified_gmt":"2025-12-16T11:51:14","slug":"ceatines-comprometidos-con-el-medio-ambiente","status":"publish","type":"post","link":"https:\/\/www.ceat.cl\/inicio\/ceatines-comprometidos-con-el-medio-ambiente\/","title":{"rendered":"Ceatines comprometidos con el medio ambiente"},"content":{"rendered":"<p>[et_pb_section fb_built=\u00bb1&#8243; theme_builder_area=\u00bbpost_content\u00bb _builder_version=\u00bb4.27.4&#8243; _module_preset=\u00bbdefault\u00bb][et_pb_row _builder_version=\u00bb4.27.4&#8243; _module_preset=\u00bbdefault\u00bb theme_builder_area=\u00bbpost_content\u00bb][et_pb_column _builder_version=\u00bb4.27.4&#8243; _module_preset=\u00bbdefault\u00bb type=\u00bb4_4&#8243; theme_builder_area=\u00bbpost_content\u00bb][et_pb_text _builder_version=\u00bb4.27.4&#8243; _module_preset=\u00bbdefault\u00bb theme_builder_area=\u00bbpost_content\u00bb text_orientation=\u00bbjustified\u00bb hover_enabled=\u00bb0&#8243; sticky_enabled=\u00bb0&#8243;]Nuestros egresados de 4\u00b0D, Vicente Mart\u00ednez y Camilo Opazo, junto a la estudiante de 3\u00b0C, Emilia Uribe, participaron \u2014en compa\u00f1\u00eda de In\u00e9s Ponce, encargada de Vinculaci\u00f3n con el Medio, y del profesor de \u00c9tica y Filosof\u00eda, Erich Tapia\u2014 en el curso \u201cForjadores Ambientales\u201d, ofrecido por la Facultad de Ciencias Ambientales de la UDEC y el Centro EULA Chile.<\/p>\n<p>Esta instancia tuvo como objetivo el desarrollo de herramientas de Educaci\u00f3n Medioambiental, adaptadas a las necesidades de las comunas, fortaleciendo el trabajo territorial y teniendo como eje fundamental el desarrollo sostenible y la vinculaci\u00f3n con las comunidades. Durante el curso se abordaron tem\u00e1ticas como el cambio clim\u00e1tico y el calentamiento global, la fauna y flora nativa, la econom\u00eda circular y la cultura, entre otros.<\/p>\n<p>De esta manera, reafirmamos nuestro compromiso con la concientizaci\u00f3n y el fomento de una cultura amigable con el medio ambiente, en coherencia con nuestro sello verde. Agradecemos a los docentes de la UDEC, acad\u00e9micos e investigadores en la materia, quienes promovieron esta valiosa instancia educativa que nos beneficia a todos y que, sin duda, germinar\u00e1 positivamente en nuestra instituci\u00f3n.[\/et_pb_text][et_pb_image _builder_version=\u00bb4.27.4&#8243; _module_preset=\u00bbdefault\u00bb theme_builder_area=\u00bbpost_content\u00bb title_text=\u00bbCeatines comprometidos con el medio ambiente (2)\u00bb src=\u00bbhttps:\/\/www.ceat.cl\/inicio\/wp-content\/uploads\/2025\/12\/Ceatines-comprometidos-con-el-medio-ambiente-2.jpg\u00bb box_shadow_style=\u00bbpreset2&#8243; hover_enabled=\u00bb0&#8243; sticky_enabled=\u00bb0&#8243;][\/et_pb_image][et_pb_image _builder_version=\u00bb4.27.4&#8243; _module_preset=\u00bbdefault\u00bb theme_builder_area=\u00bbpost_content\u00bb title_text=\u00bbCeatines comprometidos con el medio ambiente\u00bb src=\u00bbhttps:\/\/www.ceat.cl\/inicio\/wp-content\/uploads\/2025\/12\/Ceatines-comprometidos-con-el-medio-ambiente.jpg\u00bb box_shadow_style=\u00bbpreset2&#8243; hover_enabled=\u00bb0&#8243; sticky_enabled=\u00bb0&#8243;][\/et_pb_image][\/et_pb_column][\/et_pb_row][\/et_pb_section]<\/p>\n","protected":false},"excerpt":{"rendered":"<p>Nuestros egresados de 4\u00b0D, Vicente Mart\u00ednez y Camilo Opazo, junto a la estudiante de 3\u00b0C, Emilia Uribe, participaron \u2014en compa\u00f1\u00eda de In\u00e9s Ponce, encargada de Vinculaci\u00f3n con el Medio, y del profesor de \u00c9tica y Filosof\u00eda, Erich Tapia\u2014 en el curso \u201cForjadores Ambientales\u201d, ofrecido por la Facultad de Ciencias Ambientales de la UDEC y el [&hellip;]<\/p>\n","protected":false},"author":2,"featured_media":20189,"comment_status":"open","ping_status":"open","sticky":false,"template":"","format":"standard","meta":{"_et_pb_use_builder":"on","_et_pb_old_content":"","_et_gb_content_width":"","footnotes":""},"categories":[5,3],"tags":[],"class_list":["post-20185","post","type-post","status-publish","format-standard","has-post-thumbnail","hentry","category-noticias","category-not-liceo"],"_links":{"self":[{"href":"https:\/\/www.ceat.cl\/inicio\/wp-json\/wp\/v2\/posts\/20185","targetHints":{"allow":["GET"]}}],"collection":[{"href":"https:\/\/www.ceat.cl\/inicio\/wp-json\/wp\/v2\/posts"}],"about":[{"href":"https:\/\/www.ceat.cl\/inicio\/wp-json\/wp\/v2\/types\/post"}],"author":[{"embeddable":true,"href":"https:\/\/www.ceat.cl\/inicio\/wp-json\/wp\/v2\/users\/2"}],"replies":[{"embeddable":true,"href":"https:\/\/www.ceat.cl\/inicio\/wp-json\/wp\/v2\/comments?post=20185"}],"version-history":[{"count":2,"href":"https:\/\/www.ceat.cl\/inicio\/wp-json\/wp\/v2\/posts\/20185\/revisions"}],"predecessor-version":[{"id":20190,"href":"https:\/\/www.ceat.cl\/inicio\/wp-json\/wp\/v2\/posts\/20185\/revisions\/20190"}],"wp:featuredmedia":[{"embeddable":true,"href":"https:\/\/www.ceat.cl\/inicio\/wp-json\/wp\/v2\/media\/20189"}],"wp:attachment":[{"href":"https:\/\/www.ceat.cl\/inicio\/wp-json\/wp\/v2\/media?parent=20185"}],"wp:term":[{"taxonomy":"category","embeddable":true,"href":"https:\/\/www.ceat.cl\/inicio\/wp-json\/wp\/v2\/categories?post=20185"},{"taxonomy":"post_tag","embeddable":true,"href":"https:\/\/www.ceat.cl\/inicio\/wp-json\/wp\/v2\/tags?post=20185"}],"curies":[{"name":"wp","href":"https:\/\/api.w.org\/{rel}","templated":true}]}}