{"id":20191,"date":"2025-12-16T14:41:49","date_gmt":"2025-12-16T17:41:49","guid":{"rendered":"https:\/\/www.ceat.cl\/inicio\/?p=20191"},"modified":"2025-12-16T15:07:26","modified_gmt":"2025-12-16T18:07:26","slug":"feria-filosofica-en-colegio-concepcion-spp","status":"publish","type":"post","link":"https:\/\/www.ceat.cl\/inicio\/feria-filosofica-en-colegio-concepcion-spp\/","title":{"rendered":"Feria Filos\u00f3fica en Colegio Concepci\u00f3n SPP"},"content":{"rendered":"<p>[et_pb_section fb_built=\u00bb1&#8243; admin_label=\u00bbsection\u00bb _builder_version=\u00bb4.16&#8243; global_colors_info=\u00bb{}\u00bb][et_pb_row admin_label=\u00bbrow\u00bb _builder_version=\u00bb4.16&#8243; background_size=\u00bbinitial\u00bb background_position=\u00bbtop_left\u00bb background_repeat=\u00bbrepeat\u00bb global_colors_info=\u00bb{}\u00bb][et_pb_column type=\u00bb4_4&#8243; _builder_version=\u00bb4.16&#8243; custom_padding=\u00bb|||\u00bb global_colors_info=\u00bb{}\u00bb custom_padding__hover=\u00bb|||\u00bb][et_pb_text _builder_version=\u00bb4.27.4&#8243; _module_preset=\u00bbdefault\u00bb text_orientation=\u00bbjustified\u00bb global_colors_info=\u00bb{}\u00bb]Como cierre de una alianza de actividades interescolares entre el Colegio Concepci\u00f3n San Pedro, el Liceo San Pedro y nuestra instituci\u00f3n, en el marco del D\u00eda Mundial de la Filosof\u00eda, nuestros estudiantes participaron, al m\u00e1s puro estilo peripat\u00e9tico, en una Feria Filos\u00f3fica al aire libre realizada en el Parque Laguna Grande, organizada por los terceros medios del Colegio Concepci\u00f3n San Pedro.<\/p>\n<p>La instancia, cuyo concepto base estuvo inspirado en Alicia en el pa\u00eds de las Maravillas, propuso un recorrido por la historia de la Filosof\u00eda y sus distintas ramas, desde la Filosof\u00eda Pol\u00edtica, la Epistemolog\u00eda y la Est\u00e9tica, hasta la Educaci\u00f3n Emocional.<\/p>\n<p>Nuestros estudiantes pudieron dialogar y debatir filos\u00f3ficamente con estudiantes del Colegio Concepci\u00f3n, intercambiar ideas y compartir experiencias. De esta manera, continuamos fortaleciendo lazos con establecimientos vecinos y promoviendo espacios culturales en la comunidad sampedrina.<\/p>\n<p>Agradecemos al Colegio Concepci\u00f3n San Pedro por hacernos parte de este significativo momento.[\/et_pb_text][et_pb_image src=\u00bbhttps:\/\/www.ceat.cl\/inicio\/wp-content\/uploads\/2025\/12\/Feria-Filosofica-en-Colegio-Concepcion-SPP-2.jpg\u00bb title_text=\u00bbFeria Filoso\u0301fica en Colegio Concepcio\u0301n SPP (2)\u00bb _builder_version=\u00bb4.27.4&#8243; _module_preset=\u00bbdefault\u00bb box_shadow_style=\u00bbpreset2&#8243; global_colors_info=\u00bb{}\u00bb][\/et_pb_image][et_pb_image src=\u00bbhttps:\/\/www.ceat.cl\/inicio\/wp-content\/uploads\/2025\/12\/Feria-Filosofica-en-Colegio-Concepcion-SPP.jpg\u00bb title_text=\u00bbFeria Filoso\u0301fica en Colegio Concepcio\u0301n SPP\u00bb _builder_version=\u00bb4.27.4&#8243; _module_preset=\u00bbdefault\u00bb box_shadow_style=\u00bbpreset2&#8243; global_colors_info=\u00bb{}\u00bb][\/et_pb_image][\/et_pb_column][\/et_pb_row][\/et_pb_section]<\/p>\n","protected":false},"excerpt":{"rendered":"<p>Como cierre de una alianza de actividades interescolares entre el Colegio Concepci\u00f3n San Pedro, el Liceo San Pedro y nuestra instituci\u00f3n, en el marco del D\u00eda Mundial de la Filosof\u00eda, nuestros estudiantes participaron, al m\u00e1s puro estilo peripat\u00e9tico, en una Feria Filos\u00f3fica al aire libre realizada en el Parque Laguna Grande, organizada por los terceros [&hellip;]<\/p>\n","protected":false},"author":2,"featured_media":20195,"comment_status":"open","ping_status":"open","sticky":false,"template":"","format":"standard","meta":{"_et_pb_use_builder":"on","_et_pb_old_content":"","_et_gb_content_width":"","footnotes":""},"categories":[5,3],"tags":[],"class_list":["post-20191","post","type-post","status-publish","format-standard","has-post-thumbnail","hentry","category-noticias","category-not-liceo"],"_links":{"self":[{"href":"https:\/\/www.ceat.cl\/inicio\/wp-json\/wp\/v2\/posts\/20191","targetHints":{"allow":["GET"]}}],"collection":[{"href":"https:\/\/www.ceat.cl\/inicio\/wp-json\/wp\/v2\/posts"}],"about":[{"href":"https:\/\/www.ceat.cl\/inicio\/wp-json\/wp\/v2\/types\/post"}],"author":[{"embeddable":true,"href":"https:\/\/www.ceat.cl\/inicio\/wp-json\/wp\/v2\/users\/2"}],"replies":[{"embeddable":true,"href":"https:\/\/www.ceat.cl\/inicio\/wp-json\/wp\/v2\/comments?post=20191"}],"version-history":[{"count":3,"href":"https:\/\/www.ceat.cl\/inicio\/wp-json\/wp\/v2\/posts\/20191\/revisions"}],"predecessor-version":[{"id":20198,"href":"https:\/\/www.ceat.cl\/inicio\/wp-json\/wp\/v2\/posts\/20191\/revisions\/20198"}],"wp:featuredmedia":[{"embeddable":true,"href":"https:\/\/www.ceat.cl\/inicio\/wp-json\/wp\/v2\/media\/20195"}],"wp:attachment":[{"href":"https:\/\/www.ceat.cl\/inicio\/wp-json\/wp\/v2\/media?parent=20191"}],"wp:term":[{"taxonomy":"category","embeddable":true,"href":"https:\/\/www.ceat.cl\/inicio\/wp-json\/wp\/v2\/categories?post=20191"},{"taxonomy":"post_tag","embeddable":true,"href":"https:\/\/www.ceat.cl\/inicio\/wp-json\/wp\/v2\/tags?post=20191"}],"curies":[{"name":"wp","href":"https:\/\/api.w.org\/{rel}","templated":true}]}}