{"id":20199,"date":"2025-12-17T09:15:42","date_gmt":"2025-12-17T12:15:42","guid":{"rendered":"https:\/\/www.ceat.cl\/inicio\/?p=20199"},"modified":"2025-12-16T15:27:53","modified_gmt":"2025-12-16T18:27:53","slug":"la-casa-de-la-memoria-exposicion-en-balmaceda-arte-joven","status":"publish","type":"post","link":"https:\/\/www.ceat.cl\/inicio\/la-casa-de-la-memoria-exposicion-en-balmaceda-arte-joven\/","title":{"rendered":"\u00abLa Casa de la Memoria\u00bb Exposici\u00f3n en Balmaceda Arte Joven"},"content":{"rendered":"<p>[et_pb_section fb_built=\u00bb1&#8243; _builder_version=\u00bb4.27.4&#8243; _module_preset=\u00bbdefault\u00bb global_colors_info=\u00bb{}\u00bb][et_pb_row _builder_version=\u00bb4.27.4&#8243; _module_preset=\u00bbdefault\u00bb global_colors_info=\u00bb{}\u00bb][et_pb_column type=\u00bb4_4&#8243; _builder_version=\u00bb4.27.4&#8243; _module_preset=\u00bbdefault\u00bb global_colors_info=\u00bb{}\u00bb][et_pb_text _builder_version=\u00bb4.27.4&#8243; _module_preset=\u00bbdefault\u00bb text_orientation=\u00bbjustified\u00bb global_colors_info=\u00bb{}\u00bb]A prop\u00f3sito de los 80 a\u00f1os del Premio Nobel de Gabriela Mistral, nuestros estudiantes asistieron, en compa\u00f1\u00eda del profesor Erich Tapia, a la obra de teatro \u201cGabrielas\u201d, dirigida por Leonardo Iturra, en Balmaceda Arte Joven. Este montaje rinde homenaje a la poeta, relatando distintas dimensiones de su biograf\u00eda y abordando sus aportes a Chile y a Am\u00e9rica en su \u00e9poca.<\/p>\n<p>Esta iniciativa fue apoyada por la Unidad de P\u00fablicos y Territorios del Ministerio de las Culturas, las Artes y el Patrimonio, en el marco de su programa de cocreaciones art\u00edsticas ciudadanas.<\/p>\n<p>Agradecemos a Balmaceda Arte Joven por la invitaci\u00f3n a esta instancia tan enriquecedora e inspiradora para nuestros estudiantes.[\/et_pb_text][et_pb_image src=\u00bbhttps:\/\/www.ceat.cl\/inicio\/wp-content\/uploads\/2025\/12\/GABRIELAS_-Balmaceda-Arte-Joven-nos-invito-a-obra-de-teatro.jpg\u00bb title_text=\u00bb\u201cGABRIELAS_ Balmaceda Arte Joven nos invit\u00f3 a obra de teatro\u00bb _builder_version=\u00bb4.27.4&#8243; _module_preset=\u00bbdefault\u00bb box_shadow_style=\u00bbpreset2&#8243; global_colors_info=\u00bb{}\u00bb][\/et_pb_image][et_pb_image src=\u00bbhttps:\/\/www.ceat.cl\/inicio\/wp-content\/uploads\/2025\/12\/GABRIELAS_-Balmaceda-Arte-Joven-nos-invito-a-obra-de-teatro-2.jpg\u00bb title_text=\u00bb\u201cGABRIELAS_ Balmaceda Arte Joven nos invit\u00f3 a obra de teatro (2)\u00bb _builder_version=\u00bb4.27.4&#8243; _module_preset=\u00bbdefault\u00bb box_shadow_style=\u00bbpreset2&#8243; global_colors_info=\u00bb{}\u00bb][\/et_pb_image][\/et_pb_column][\/et_pb_row][\/et_pb_section]<\/p>\n","protected":false},"excerpt":{"rendered":"<p>A prop\u00f3sito de los 80 a\u00f1os del Premio Nobel de Gabriela Mistral, nuestros estudiantes asistieron, en compa\u00f1\u00eda del profesor Erich Tapia, a la obra de teatro \u201cGabrielas\u201d, dirigida por Leonardo Iturra, en Balmaceda Arte Joven. Este montaje rinde homenaje a la poeta, relatando distintas dimensiones de su biograf\u00eda y abordando sus aportes a Chile y [&hellip;]<\/p>\n","protected":false},"author":2,"featured_media":20203,"comment_status":"open","ping_status":"open","sticky":false,"template":"","format":"standard","meta":{"_et_pb_use_builder":"on","_et_pb_old_content":"","_et_gb_content_width":"","footnotes":""},"categories":[5,3],"tags":[],"class_list":["post-20199","post","type-post","status-publish","format-standard","has-post-thumbnail","hentry","category-noticias","category-not-liceo"],"_links":{"self":[{"href":"https:\/\/www.ceat.cl\/inicio\/wp-json\/wp\/v2\/posts\/20199","targetHints":{"allow":["GET"]}}],"collection":[{"href":"https:\/\/www.ceat.cl\/inicio\/wp-json\/wp\/v2\/posts"}],"about":[{"href":"https:\/\/www.ceat.cl\/inicio\/wp-json\/wp\/v2\/types\/post"}],"author":[{"embeddable":true,"href":"https:\/\/www.ceat.cl\/inicio\/wp-json\/wp\/v2\/users\/2"}],"replies":[{"embeddable":true,"href":"https:\/\/www.ceat.cl\/inicio\/wp-json\/wp\/v2\/comments?post=20199"}],"version-history":[{"count":5,"href":"https:\/\/www.ceat.cl\/inicio\/wp-json\/wp\/v2\/posts\/20199\/revisions"}],"predecessor-version":[{"id":20208,"href":"https:\/\/www.ceat.cl\/inicio\/wp-json\/wp\/v2\/posts\/20199\/revisions\/20208"}],"wp:featuredmedia":[{"embeddable":true,"href":"https:\/\/www.ceat.cl\/inicio\/wp-json\/wp\/v2\/media\/20203"}],"wp:attachment":[{"href":"https:\/\/www.ceat.cl\/inicio\/wp-json\/wp\/v2\/media?parent=20199"}],"wp:term":[{"taxonomy":"category","embeddable":true,"href":"https:\/\/www.ceat.cl\/inicio\/wp-json\/wp\/v2\/categories?post=20199"},{"taxonomy":"post_tag","embeddable":true,"href":"https:\/\/www.ceat.cl\/inicio\/wp-json\/wp\/v2\/tags?post=20199"}],"curies":[{"name":"wp","href":"https:\/\/api.w.org\/{rel}","templated":true}]}}