{"id":20209,"date":"2025-12-17T13:00:35","date_gmt":"2025-12-17T16:00:35","guid":{"rendered":"https:\/\/www.ceat.cl\/inicio\/?p=20209"},"modified":"2025-12-16T15:59:37","modified_gmt":"2025-12-16T18:59:37","slug":"la-casa-de-la-memoria-exposicion-en-balmaceda-arte-joven-2","status":"publish","type":"post","link":"https:\/\/www.ceat.cl\/inicio\/la-casa-de-la-memoria-exposicion-en-balmaceda-arte-joven-2\/","title":{"rendered":"\u00abLa Casa de la Memoria\u00bb Exposici\u00f3n en Balmaceda Arte Joven"},"content":{"rendered":"<p>[et_pb_section fb_built=\u00bb1&#8243; theme_builder_area=\u00bbpost_content\u00bb _builder_version=\u00bb4.27.4&#8243; _module_preset=\u00bbdefault\u00bb][et_pb_row _builder_version=\u00bb4.27.4&#8243; _module_preset=\u00bbdefault\u00bb theme_builder_area=\u00bbpost_content\u00bb][et_pb_column _builder_version=\u00bb4.27.4&#8243; _module_preset=\u00bbdefault\u00bb type=\u00bb4_4&#8243; theme_builder_area=\u00bbpost_content\u00bb][et_pb_text _builder_version=\u00bb4.27.4&#8243; _module_preset=\u00bbdefault\u00bb theme_builder_area=\u00bbpost_content\u00bb text_orientation=\u00bbjustified\u00bb hover_enabled=\u00bb0&#8243; sticky_enabled=\u00bb0&#8243;]Nuestros estudiantes, como una de las \u00faltimas actividades de cierre de su a\u00f1o escolar, asistieron a la exposici\u00f3n \u201cLa Casa de la Memoria\u201d en el Centro Cultural Balmaceda Arte Joven, junto al profesor de Filosof\u00eda, Erich Tapia Lazo. Este proyecto, de la artista Astrid Mart\u00ednez Pe\u00f1a, aborda la po\u00e9tica del hogar y sus dimensiones afectivas. Para esta exposici\u00f3n, la artista reuni\u00f3 objetos, materiales, fotograf\u00edas y maderas que alguna vez formaron parte de una vivienda, transform\u00e1ndolos en diversas piezas que hoy integran esta muestra multidisciplinaria, la cual re\u00fane t\u00e9cnicas como pintura, escultura, collage y fotograf\u00eda.<\/p>\n<p>Durante la visita, los j\u00f3venes pudieron intervenir en una instalaci\u00f3n del espacio expositivo, fomentando la reflexi\u00f3n en torno a lo que significa un hogar y a la pregunta: \u00bfD\u00f3nde encuentras un refugio cuando lo necesitas?[\/et_pb_text][et_pb_image _builder_version=\u00bb4.27.4&#8243; _module_preset=\u00bbdefault\u00bb theme_builder_area=\u00bbpost_content\u00bb title_text=\u00bbLa Casa de la Memoria_ Exposici\u00f3n en Balmaceda Arte Joven (2)\u00bb src=\u00bbhttps:\/\/www.ceat.cl\/inicio\/wp-content\/uploads\/2025\/12\/La-Casa-de-la-Memoria_-Exposicion-en-Balmaceda-Arte-Joven-2.jpg\u00bb box_shadow_style=\u00bbpreset2&#8243; hover_enabled=\u00bb0&#8243; sticky_enabled=\u00bb0&#8243;][\/et_pb_image][et_pb_image _builder_version=\u00bb4.27.4&#8243; _module_preset=\u00bbdefault\u00bb theme_builder_area=\u00bbpost_content\u00bb title_text=\u00bbLa Casa de la Memoria_ Exposici\u00f3n en Balmaceda Arte Joven\u00bb src=\u00bbhttps:\/\/www.ceat.cl\/inicio\/wp-content\/uploads\/2025\/12\/La-Casa-de-la-Memoria_-Exposicion-en-Balmaceda-Arte-Joven.jpg\u00bb box_shadow_style=\u00bbpreset2&#8243; hover_enabled=\u00bb0&#8243; sticky_enabled=\u00bb0&#8243;][\/et_pb_image][\/et_pb_column][\/et_pb_row][\/et_pb_section]<\/p>\n","protected":false},"excerpt":{"rendered":"<p>Nuestros estudiantes, como una de las \u00faltimas actividades de cierre de su a\u00f1o escolar, asistieron a la exposici\u00f3n \u201cLa Casa de la Memoria\u201d en el Centro Cultural Balmaceda Arte Joven, junto al profesor de Filosof\u00eda, Erich Tapia Lazo. Este proyecto, de la artista Astrid Mart\u00ednez Pe\u00f1a, aborda la po\u00e9tica del hogar y sus dimensiones afectivas. [&hellip;]<\/p>\n","protected":false},"author":2,"featured_media":20213,"comment_status":"open","ping_status":"open","sticky":false,"template":"","format":"standard","meta":{"_et_pb_use_builder":"on","_et_pb_old_content":"","_et_gb_content_width":"","footnotes":""},"categories":[5,3],"tags":[],"class_list":["post-20209","post","type-post","status-publish","format-standard","has-post-thumbnail","hentry","category-noticias","category-not-liceo"],"_links":{"self":[{"href":"https:\/\/www.ceat.cl\/inicio\/wp-json\/wp\/v2\/posts\/20209","targetHints":{"allow":["GET"]}}],"collection":[{"href":"https:\/\/www.ceat.cl\/inicio\/wp-json\/wp\/v2\/posts"}],"about":[{"href":"https:\/\/www.ceat.cl\/inicio\/wp-json\/wp\/v2\/types\/post"}],"author":[{"embeddable":true,"href":"https:\/\/www.ceat.cl\/inicio\/wp-json\/wp\/v2\/users\/2"}],"replies":[{"embeddable":true,"href":"https:\/\/www.ceat.cl\/inicio\/wp-json\/wp\/v2\/comments?post=20209"}],"version-history":[{"count":2,"href":"https:\/\/www.ceat.cl\/inicio\/wp-json\/wp\/v2\/posts\/20209\/revisions"}],"predecessor-version":[{"id":20215,"href":"https:\/\/www.ceat.cl\/inicio\/wp-json\/wp\/v2\/posts\/20209\/revisions\/20215"}],"wp:featuredmedia":[{"embeddable":true,"href":"https:\/\/www.ceat.cl\/inicio\/wp-json\/wp\/v2\/media\/20213"}],"wp:attachment":[{"href":"https:\/\/www.ceat.cl\/inicio\/wp-json\/wp\/v2\/media?parent=20209"}],"wp:term":[{"taxonomy":"category","embeddable":true,"href":"https:\/\/www.ceat.cl\/inicio\/wp-json\/wp\/v2\/categories?post=20209"},{"taxonomy":"post_tag","embeddable":true,"href":"https:\/\/www.ceat.cl\/inicio\/wp-json\/wp\/v2\/tags?post=20209"}],"curies":[{"name":"wp","href":"https:\/\/api.w.org\/{rel}","templated":true}]}}