{"id":20216,"date":"2025-12-16T19:20:46","date_gmt":"2025-12-16T22:20:46","guid":{"rendered":"https:\/\/www.ceat.cl\/inicio\/?p=20216"},"modified":"2025-12-16T16:16:45","modified_gmt":"2025-12-16T19:16:45","slug":"ceat-y-empresa-korloy-impulsando-el-aprendizaje-tecnico","status":"publish","type":"post","link":"https:\/\/www.ceat.cl\/inicio\/ceat-y-empresa-korloy-impulsando-el-aprendizaje-tecnico\/","title":{"rendered":"CEAT y empresa Korloy impulsando el aprendizaje t\u00e9cnico"},"content":{"rendered":"<p>[et_pb_section fb_built=\u00bb1&#8243; theme_builder_area=\u00bbpost_content\u00bb _builder_version=\u00bb4.27.4&#8243; _module_preset=\u00bbdefault\u00bb][et_pb_row _builder_version=\u00bb4.27.4&#8243; _module_preset=\u00bbdefault\u00bb theme_builder_area=\u00bbpost_content\u00bb hover_enabled=\u00bb0&#8243; sticky_enabled=\u00bb0&#8243;][et_pb_column _builder_version=\u00bb4.27.4&#8243; _module_preset=\u00bbdefault\u00bb type=\u00bb4_4&#8243; theme_builder_area=\u00bbpost_content\u00bb][et_pb_text _builder_version=\u00bb4.27.4&#8243; _module_preset=\u00bbdefault\u00bb theme_builder_area=\u00bbpost_content\u00bb text_orientation=\u00bbjustified\u00bb hover_enabled=\u00bb0&#8243; sticky_enabled=\u00bb0&#8243;]El CEAT recibi\u00f3 la visita del gerente general de la empresa Korloy, junto a su representante en la regi\u00f3n, exestudiante de nuestro establecimiento. El encuentro tuvo como prop\u00f3sito fortalecer el v\u00ednculo entre el mundo educativo y el sector empresarial, en apoyo a la formaci\u00f3n t\u00e9cnico-profesional de nuestras y nuestros estudiantes.<\/p>\n<p>La instancia permiti\u00f3 relevar la importancia del trabajo colaborativo entre la educaci\u00f3n t\u00e9cnica y la industria, destacando el aporte concreto de la empresa al proceso formativo, orientado al fortalecimiento del aprendizaje pr\u00e1ctico del estudiantado.[\/et_pb_text][et_pb_image _builder_version=\u00bb4.27.4&#8243; _module_preset=\u00bbdefault\u00bb theme_builder_area=\u00bbpost_content\u00bb title_text=\u00bbCEAT y empresa Korloy impulsando el aprendizaje t\u00e9cnico (2)\u00bb src=\u00bbhttps:\/\/www.ceat.cl\/inicio\/wp-content\/uploads\/2025\/12\/CEAT-y-empresa-Korloy-impulsando-el-aprendizaje-tecnico-2.jpg\u00bb box_shadow_style=\u00bbpreset2&#8243; hover_enabled=\u00bb0&#8243; sticky_enabled=\u00bb0&#8243;][\/et_pb_image][et_pb_image _builder_version=\u00bb4.27.4&#8243; _module_preset=\u00bbdefault\u00bb theme_builder_area=\u00bbpost_content\u00bb title_text=\u00bbCEAT y empresa Korloy impulsando el aprendizaje t\u00e9cnico\u00bb src=\u00bbhttps:\/\/www.ceat.cl\/inicio\/wp-content\/uploads\/2025\/12\/CEAT-y-empresa-Korloy-impulsando-el-aprendizaje-tecnico.jpg\u00bb box_shadow_style=\u00bbpreset2&#8243; hover_enabled=\u00bb0&#8243; sticky_enabled=\u00bb0&#8243;][\/et_pb_image][\/et_pb_column][\/et_pb_row][\/et_pb_section]<\/p>\n","protected":false},"excerpt":{"rendered":"<p>El CEAT recibi\u00f3 la visita del gerente general de la empresa Korloy, junto a su representante en la regi\u00f3n, exestudiante de nuestro establecimiento. El encuentro tuvo como prop\u00f3sito fortalecer el v\u00ednculo entre el mundo educativo y el sector empresarial, en apoyo a la formaci\u00f3n t\u00e9cnico-profesional de nuestras y nuestros estudiantes. La instancia permiti\u00f3 relevar la [&hellip;]<\/p>\n","protected":false},"author":2,"featured_media":20220,"comment_status":"open","ping_status":"open","sticky":false,"template":"","format":"standard","meta":{"_et_pb_use_builder":"on","_et_pb_old_content":"","_et_gb_content_width":"","footnotes":""},"categories":[5,3],"tags":[],"class_list":["post-20216","post","type-post","status-publish","format-standard","has-post-thumbnail","hentry","category-noticias","category-not-liceo"],"_links":{"self":[{"href":"https:\/\/www.ceat.cl\/inicio\/wp-json\/wp\/v2\/posts\/20216","targetHints":{"allow":["GET"]}}],"collection":[{"href":"https:\/\/www.ceat.cl\/inicio\/wp-json\/wp\/v2\/posts"}],"about":[{"href":"https:\/\/www.ceat.cl\/inicio\/wp-json\/wp\/v2\/types\/post"}],"author":[{"embeddable":true,"href":"https:\/\/www.ceat.cl\/inicio\/wp-json\/wp\/v2\/users\/2"}],"replies":[{"embeddable":true,"href":"https:\/\/www.ceat.cl\/inicio\/wp-json\/wp\/v2\/comments?post=20216"}],"version-history":[{"count":3,"href":"https:\/\/www.ceat.cl\/inicio\/wp-json\/wp\/v2\/posts\/20216\/revisions"}],"predecessor-version":[{"id":20222,"href":"https:\/\/www.ceat.cl\/inicio\/wp-json\/wp\/v2\/posts\/20216\/revisions\/20222"}],"wp:featuredmedia":[{"embeddable":true,"href":"https:\/\/www.ceat.cl\/inicio\/wp-json\/wp\/v2\/media\/20220"}],"wp:attachment":[{"href":"https:\/\/www.ceat.cl\/inicio\/wp-json\/wp\/v2\/media?parent=20216"}],"wp:term":[{"taxonomy":"category","embeddable":true,"href":"https:\/\/www.ceat.cl\/inicio\/wp-json\/wp\/v2\/categories?post=20216"},{"taxonomy":"post_tag","embeddable":true,"href":"https:\/\/www.ceat.cl\/inicio\/wp-json\/wp\/v2\/tags?post=20216"}],"curies":[{"name":"wp","href":"https:\/\/api.w.org\/{rel}","templated":true}]}}