{"id":20262,"date":"2025-12-19T12:48:15","date_gmt":"2025-12-19T15:48:15","guid":{"rendered":"https:\/\/www.ceat.cl\/inicio\/?p=20262"},"modified":"2025-12-19T10:58:57","modified_gmt":"2025-12-19T13:58:57","slug":"ceremonia-de-reconocimiento-2025","status":"publish","type":"post","link":"https:\/\/www.ceat.cl\/inicio\/ceremonia-de-reconocimiento-2025\/","title":{"rendered":"Ceremonia de reconocimiento 2025"},"content":{"rendered":"<p>[et_pb_section fb_built=\u00bb1&#8243; theme_builder_area=\u00bbpost_content\u00bb _builder_version=\u00bb4.27.4&#8243; _module_preset=\u00bbdefault\u00bb][et_pb_row _builder_version=\u00bb4.27.4&#8243; _module_preset=\u00bbdefault\u00bb theme_builder_area=\u00bbpost_content\u00bb][et_pb_column _builder_version=\u00bb4.27.4&#8243; _module_preset=\u00bbdefault\u00bb type=\u00bb4_4&#8243; theme_builder_area=\u00bbpost_content\u00bb][et_pb_text _builder_version=\u00bb4.27.4&#8243; _module_preset=\u00bbdefault\u00bb theme_builder_area=\u00bbpost_content\u00bb hover_enabled=\u00bb0&#8243; sticky_enabled=\u00bb0&#8243; text_orientation=\u00bbjustified\u00bb]El martes 16 de diciembre, en el Auditorio del Liceo CEAT de San Pedro de la Paz, se realiz\u00f3 la Ceremonia de Premiaci\u00f3n del A\u00f1o Acad\u00e9mico 2025, una significativa instancia de reconocimiento al esfuerzo, compromiso y valores demostrados por nuestras y nuestros estudiantes a lo largo del a\u00f1o escolar.<\/p>\n<p>Durante la jornada se destac\u00f3 a estudiantes de primero, segundo y tercero medio en diversas categor\u00edas que reflejan los pilares de nuestro proyecto educativo. Entre ellas, se entregaron los reconocimientos a Mejor Rendimiento Acad\u00e9mico, que valora la constancia, disciplina y excelencia en el aprendizaje; Esp\u00edritu de Superaci\u00f3n, que reconoce la resiliencia y la capacidad de enfrentar desaf\u00edos personales y acad\u00e9micos; y Mejor Compa\u00f1ero o Compa\u00f1era, distinci\u00f3n otorgada por los propios estudiantes a quienes promueven el respeto, la solidaridad y la buena convivencia escolar.[\/et_pb_text][et_pb_image _builder_version=\u00bb4.27.4&#8243; _module_preset=\u00bbdefault\u00bb theme_builder_area=\u00bbpost_content\u00bb title_text=\u00bbmejor rendimiento acad\u00e9mico 2025&#8243; src=\u00bbhttps:\/\/www.ceat.cl\/inicio\/wp-content\/uploads\/2025\/12\/mejor-rendimiento-academico-2025.jpg\u00bb hover_enabled=\u00bb0&#8243; sticky_enabled=\u00bb0&#8243; box_shadow_style=\u00bbpreset2&#8243;][\/et_pb_image][et_pb_image _builder_version=\u00bb4.27.4&#8243; _module_preset=\u00bbdefault\u00bb theme_builder_area=\u00bbpost_content\u00bb title_text=\u00bbmejor rendimiento acad\u00e9mico 2025 (2)\u00bb src=\u00bbhttps:\/\/www.ceat.cl\/inicio\/wp-content\/uploads\/2025\/12\/mejor-rendimiento-academico-2025-2.jpg\u00bb hover_enabled=\u00bb0&#8243; sticky_enabled=\u00bb0&#8243; box_shadow_style=\u00bbpreset2&#8243;][\/et_pb_image][et_pb_text _builder_version=\u00bb4.27.4&#8243; _module_preset=\u00bbdefault\u00bb theme_builder_area=\u00bbpost_content\u00bb hover_enabled=\u00bb0&#8243; sticky_enabled=\u00bb0&#8243; text_orientation=\u00bbjustified\u00bb]Asimismo, se reconoci\u00f3 a los Apoderados y Apoderadas Destacados, valorando su permanente apoyo, compromiso y colaboraci\u00f3n con la comunidad educativa, fortaleciendo el v\u00ednculo entre la familia y el establecimiento. La ceremonia tambi\u00e9n incluy\u00f3 un espacio para el arte y la cultura, destacando el Concurso de Pintura \u201cInmortalizar a Pelusa\u201d, iniciativa que reforz\u00f3 el sentido de pertenencia, identidad y expresi\u00f3n art\u00edstica de nuestros estudiantes, junto a una presentaci\u00f3n musical del Taller de Instrumentos Musicales del CEAT.<br \/>\nEsta ceremonia fue una oportunidad para celebrar los logros alcanzados y reafirmar los valores que nos identifican como comunidad educativa, cerrando el a\u00f1o 2025 con orgullo y gratitud.[\/et_pb_text][et_pb_image _builder_version=\u00bb4.27.4&#8243; _module_preset=\u00bbdefault\u00bb theme_builder_area=\u00bbpost_content\u00bb title_text=\u00bbmejor compa\u00f1ero_a 2025&#8243; src=\u00bbhttps:\/\/www.ceat.cl\/inicio\/wp-content\/uploads\/2025\/12\/mejor-companero_a-2025.jpg\u00bb hover_enabled=\u00bb0&#8243; sticky_enabled=\u00bb0&#8243; box_shadow_style=\u00bbpreset2&#8243;][\/et_pb_image][et_pb_image _builder_version=\u00bb4.27.4&#8243; _module_preset=\u00bbdefault\u00bb theme_builder_area=\u00bbpost_content\u00bb title_text=\u00bbmejor compa\u00f1ero_a 2025 (2)\u00bb src=\u00bbhttps:\/\/www.ceat.cl\/inicio\/wp-content\/uploads\/2025\/12\/mejor-companero_a-2025-2.jpg\u00bb hover_enabled=\u00bb0&#8243; sticky_enabled=\u00bb0&#8243; box_shadow_style=\u00bbpreset2&#8243;][\/et_pb_image][et_pb_text _builder_version=\u00bb4.27.4&#8243; _module_preset=\u00bbdefault\u00bb theme_builder_area=\u00bbpost_content\u00bb hover_enabled=\u00bb0&#8243; sticky_enabled=\u00bb0&#8243; text_orientation=\u00bbjustified\u00bb]Como Liceo CEAT, deseamos a todas y todos nuestros estudiantes un exitoso a\u00f1o acad\u00e9mico 2026, invit\u00e1ndolos a seguir fortaleciendo sus compromisos, habilidades, talentos y responsabilidades acad\u00e9micas. Extendemos tambi\u00e9n un sincero agradecimiento a los padres, madres y apoderados que acompa\u00f1an de manera constante a sus pupilos y pupilas en su proceso formativo, siendo un pilar fundamental en su desarrollo personal y educativo.[\/et_pb_text][et_pb_image _builder_version=\u00bb4.27.4&#8243; _module_preset=\u00bbdefault\u00bb theme_builder_area=\u00bbpost_content\u00bb title_text=\u00bbApoderado_a destacado_a 2025&#8243; src=\u00bbhttps:\/\/www.ceat.cl\/inicio\/wp-content\/uploads\/2025\/12\/Apoderado_a-destacado_a-2025.jpg\u00bb hover_enabled=\u00bb0&#8243; sticky_enabled=\u00bb0&#8243; box_shadow_style=\u00bbpreset2&#8243;][\/et_pb_image][et_pb_image _builder_version=\u00bb4.27.4&#8243; _module_preset=\u00bbdefault\u00bb theme_builder_area=\u00bbpost_content\u00bb title_text=\u00bbReconocimiento CGPA \u00c1rea mecanica 2024&#8243; src=\u00bbhttps:\/\/www.ceat.cl\/inicio\/wp-content\/uploads\/2025\/12\/Reconocimiento-CGPA-Area-mecanica-2024.jpg\u00bb hover_enabled=\u00bb0&#8243; sticky_enabled=\u00bb0&#8243; box_shadow_style=\u00bbpreset2&#8243;][\/et_pb_image][\/et_pb_column][\/et_pb_row][\/et_pb_section]<\/p>\n","protected":false},"excerpt":{"rendered":"<p>El martes 16 de diciembre, en el Auditorio del Liceo CEAT de San Pedro de la Paz, se realiz\u00f3 la Ceremonia de Premiaci\u00f3n del A\u00f1o Acad\u00e9mico 2025, una significativa instancia de reconocimiento al esfuerzo, compromiso y valores demostrados por nuestras y nuestros estudiantes a lo largo del a\u00f1o escolar. Durante la jornada se destac\u00f3 a [&hellip;]<\/p>\n","protected":false},"author":2,"featured_media":20275,"comment_status":"open","ping_status":"open","sticky":false,"template":"","format":"standard","meta":{"_et_pb_use_builder":"on","_et_pb_old_content":"","_et_gb_content_width":"","footnotes":""},"categories":[5,3],"tags":[],"class_list":["post-20262","post","type-post","status-publish","format-standard","has-post-thumbnail","hentry","category-noticias","category-not-liceo"],"_links":{"self":[{"href":"https:\/\/www.ceat.cl\/inicio\/wp-json\/wp\/v2\/posts\/20262","targetHints":{"allow":["GET"]}}],"collection":[{"href":"https:\/\/www.ceat.cl\/inicio\/wp-json\/wp\/v2\/posts"}],"about":[{"href":"https:\/\/www.ceat.cl\/inicio\/wp-json\/wp\/v2\/types\/post"}],"author":[{"embeddable":true,"href":"https:\/\/www.ceat.cl\/inicio\/wp-json\/wp\/v2\/users\/2"}],"replies":[{"embeddable":true,"href":"https:\/\/www.ceat.cl\/inicio\/wp-json\/wp\/v2\/comments?post=20262"}],"version-history":[{"count":4,"href":"https:\/\/www.ceat.cl\/inicio\/wp-json\/wp\/v2\/posts\/20262\/revisions"}],"predecessor-version":[{"id":20281,"href":"https:\/\/www.ceat.cl\/inicio\/wp-json\/wp\/v2\/posts\/20262\/revisions\/20281"}],"wp:featuredmedia":[{"embeddable":true,"href":"https:\/\/www.ceat.cl\/inicio\/wp-json\/wp\/v2\/media\/20275"}],"wp:attachment":[{"href":"https:\/\/www.ceat.cl\/inicio\/wp-json\/wp\/v2\/media?parent=20262"}],"wp:term":[{"taxonomy":"category","embeddable":true,"href":"https:\/\/www.ceat.cl\/inicio\/wp-json\/wp\/v2\/categories?post=20262"},{"taxonomy":"post_tag","embeddable":true,"href":"https:\/\/www.ceat.cl\/inicio\/wp-json\/wp\/v2\/tags?post=20262"}],"curies":[{"name":"wp","href":"https:\/\/api.w.org\/{rel}","templated":true}]}}