{"id":20282,"date":"2025-12-19T18:30:38","date_gmt":"2025-12-19T21:30:38","guid":{"rendered":"https:\/\/www.ceat.cl\/inicio\/?p=20282"},"modified":"2025-12-19T11:55:20","modified_gmt":"2025-12-19T14:55:20","slug":"premiacion-concurso-inmortalicemos-a-la-pelusa","status":"publish","type":"post","link":"https:\/\/www.ceat.cl\/inicio\/premiacion-concurso-inmortalicemos-a-la-pelusa\/","title":{"rendered":"Premiaci\u00f3n Concurso \u201cInmortalicemos a la Pelusa\u201d"},"content":{"rendered":"<p>[et_pb_section fb_built=\u00bb1&#8243; theme_builder_area=\u00bbpost_content\u00bb _builder_version=\u00bb4.27.4&#8243; _module_preset=\u00bbdefault\u00bb][et_pb_row _builder_version=\u00bb4.27.4&#8243; _module_preset=\u00bbdefault\u00bb theme_builder_area=\u00bbpost_content\u00bb custom_margin=\u00bb5px||5px||false|false\u00bb custom_padding=\u00bb5px||5px||false|false\u00bb hover_enabled=\u00bb0&#8243; sticky_enabled=\u00bb0&#8243;][et_pb_column _builder_version=\u00bb4.27.4&#8243; _module_preset=\u00bbdefault\u00bb type=\u00bb4_4&#8243; theme_builder_area=\u00bbpost_content\u00bb][et_pb_text _builder_version=\u00bb4.27.4&#8243; _module_preset=\u00bbdefault\u00bb theme_builder_area=\u00bbpost_content\u00bb text_orientation=\u00bbjustified\u00bb hover_enabled=\u00bb0&#8243; sticky_enabled=\u00bb0&#8243;]<\/p>\n<p>Durante el mes de diciembre, el Liceo CEAT llev\u00f3 a cabo el concurso art\u00edstico \u201cInmortalicemos a la Pelusa\u201d, una iniciativa que busc\u00f3 fomentar el inter\u00e9s de los estudiantes por el arte y fortalecer su desarrollo como una habilidad transversal, integrando creatividad, expresi\u00f3n personal e inclusi\u00f3n.<\/p>\n<p>La actividad convoc\u00f3 a estudiantes desde 1\u00b0 a 4\u00b0 medio, quienes participaron realizando obras art\u00edsticas inspiradas en \u201cLa Pelusa\u201d, figura significativa de la historia de nuestra comunidad educativa. Los trabajos presentados destacaron por el uso de diversas t\u00e9cnicas y estilos pict\u00f3ricos, reflejando el compromiso, la sensibilidad art\u00edstica y la motivaci\u00f3n de los y las estudiantes.<\/p>\n<p>Este concurso uni\u00f3 las asignaturas de Arte y Biolog\u00eda, junto al Plan de Inclusi\u00f3n, promoviendo espacios de participaci\u00f3n activa y significativa para todos los estudiantes del establecimiento.<\/p>\n<p>La ceremonia de premiaci\u00f3n se realiz\u00f3 exitosamente el martes 16 de diciembre, reconociendo el talento y esfuerzo de los participantes. Los resultados fueron los siguientes:<\/p>\n<p><strong>Primer Lugar:<\/strong> Crist\u00f3bal Mu\u00f1oz, 2\u00b0D<br \/><strong>Segundo Lugar:<\/strong> Anabella Obreg\u00f3n, 2\u00b0D<br \/><strong>Tercer Lugar:<\/strong> Catherin Avenda\u00f1o, 1\u00b0G<br \/><strong>Menci\u00f3n Honrosa:<\/strong> Antonietta Valdevenito, 1\u00b0D<\/p>\n<p>El Liceo CEAT agradece la participaci\u00f3n de los estudiantes, docentes y evaluadores, destacando este tipo de iniciativas que fortalecen el desarrollo integral, la creatividad y el inter\u00e9s por el arte como parte fundamental de la formaci\u00f3n educativa.<\/p>\n<p>[\/et_pb_text][\/et_pb_column][\/et_pb_row][et_pb_row _builder_version=\u00bb4.27.4&#8243; _module_preset=\u00bbdefault\u00bb theme_builder_area=\u00bbpost_content\u00bb custom_margin=\u00bb5px||5px||false|false\u00bb custom_padding=\u00bb5px||5px||false|false\u00bb hover_enabled=\u00bb0&#8243; sticky_enabled=\u00bb0&#8243; column_structure=\u00bb1_2,1_2&#8243;][et_pb_column _builder_version=\u00bb4.27.4&#8243; _module_preset=\u00bbdefault\u00bb type=\u00bb1_2&#8243; theme_builder_area=\u00bbpost_content\u00bb][et_pb_image _builder_version=\u00bb4.27.4&#8243; _module_preset=\u00bbdefault\u00bb theme_builder_area=\u00bbpost_content\u00bb title_text=\u00bbPremiaci\u00f3n Concurso \u201cInmortalicemos a la Pelusa\u201d (2)\u00bb src=\u00bbhttps:\/\/www.ceat.cl\/inicio\/wp-content\/uploads\/2025\/12\/Premiacion-Concurso-Inmortalicemos-a-la-Pelusa-2.jpg\u00bb box_shadow_style=\u00bbpreset2&#8243; hover_enabled=\u00bb0&#8243; sticky_enabled=\u00bb0&#8243;][\/et_pb_image][\/et_pb_column][et_pb_column _builder_version=\u00bb4.27.4&#8243; _module_preset=\u00bbdefault\u00bb type=\u00bb1_2&#8243; theme_builder_area=\u00bbpost_content\u00bb][et_pb_image _builder_version=\u00bb4.27.4&#8243; _module_preset=\u00bbdefault\u00bb theme_builder_area=\u00bbpost_content\u00bb title_text=\u00bbPremiaci\u00f3n Concurso \u201cInmortalicemos a la Pelusa\u201d (3)\u00bb src=\u00bbhttps:\/\/www.ceat.cl\/inicio\/wp-content\/uploads\/2025\/12\/Premiacion-Concurso-Inmortalicemos-a-la-Pelusa-3.jpg\u00bb box_shadow_style=\u00bbpreset2&#8243; hover_enabled=\u00bb0&#8243; sticky_enabled=\u00bb0&#8243;][\/et_pb_image][\/et_pb_column][\/et_pb_row][et_pb_row _builder_version=\u00bb4.27.4&#8243; _module_preset=\u00bbdefault\u00bb theme_builder_area=\u00bbpost_content\u00bb custom_margin=\u00bb5px||5px||false|false\u00bb custom_padding=\u00bb5px||5px||false|false\u00bb hover_enabled=\u00bb0&#8243; sticky_enabled=\u00bb0&#8243;][et_pb_column _builder_version=\u00bb4.27.4&#8243; _module_preset=\u00bbdefault\u00bb type=\u00bb4_4&#8243; theme_builder_area=\u00bbpost_content\u00bb][et_pb_image _builder_version=\u00bb4.27.4&#8243; _module_preset=\u00bbdefault\u00bb theme_builder_area=\u00bbpost_content\u00bb title_text=\u00bbPremiaci\u00f3n Concurso \u201cInmortalicemos a la Pelusa\u201d\u00bb src=\u00bbhttps:\/\/www.ceat.cl\/inicio\/wp-content\/uploads\/2025\/12\/Premiacion-Concurso-Inmortalicemos-a-la-Pelusa.jpg\u00bb box_shadow_style=\u00bbpreset2&#8243; hover_enabled=\u00bb0&#8243; sticky_enabled=\u00bb0&#8243;][\/et_pb_image][et_pb_image _builder_version=\u00bb4.27.4&#8243; _module_preset=\u00bbdefault\u00bb theme_builder_area=\u00bbpost_content\u00bb title_text=\u00bbPremiaci\u00f3n Concurso \u201cInmortalicemos a la Pelusa\u201d (4)\u00bb src=\u00bbhttps:\/\/www.ceat.cl\/inicio\/wp-content\/uploads\/2025\/12\/Premiacion-Concurso-Inmortalicemos-a-la-Pelusa-4.jpg\u00bb box_shadow_style=\u00bbpreset2&#8243; hover_enabled=\u00bb0&#8243; sticky_enabled=\u00bb0&#8243;][\/et_pb_image][\/et_pb_column][\/et_pb_row][\/et_pb_section]<\/p>\n","protected":false},"excerpt":{"rendered":"<p>Durante el mes de diciembre, el Liceo CEAT llev\u00f3 a cabo el concurso art\u00edstico \u201cInmortalicemos a la Pelusa\u201d, una iniciativa que busc\u00f3 fomentar el inter\u00e9s de los estudiantes por el arte y fortalecer su desarrollo como una habilidad transversal, integrando creatividad, expresi\u00f3n personal e inclusi\u00f3n. La actividad convoc\u00f3 a estudiantes desde 1\u00b0 a 4\u00b0 medio, [&hellip;]<\/p>\n","protected":false},"author":2,"featured_media":20287,"comment_status":"open","ping_status":"open","sticky":false,"template":"","format":"standard","meta":{"_et_pb_use_builder":"on","_et_pb_old_content":"","_et_gb_content_width":"","footnotes":""},"categories":[5,3],"tags":[],"class_list":["post-20282","post","type-post","status-publish","format-standard","has-post-thumbnail","hentry","category-noticias","category-not-liceo"],"_links":{"self":[{"href":"https:\/\/www.ceat.cl\/inicio\/wp-json\/wp\/v2\/posts\/20282","targetHints":{"allow":["GET"]}}],"collection":[{"href":"https:\/\/www.ceat.cl\/inicio\/wp-json\/wp\/v2\/posts"}],"about":[{"href":"https:\/\/www.ceat.cl\/inicio\/wp-json\/wp\/v2\/types\/post"}],"author":[{"embeddable":true,"href":"https:\/\/www.ceat.cl\/inicio\/wp-json\/wp\/v2\/users\/2"}],"replies":[{"embeddable":true,"href":"https:\/\/www.ceat.cl\/inicio\/wp-json\/wp\/v2\/comments?post=20282"}],"version-history":[{"count":2,"href":"https:\/\/www.ceat.cl\/inicio\/wp-json\/wp\/v2\/posts\/20282\/revisions"}],"predecessor-version":[{"id":20290,"href":"https:\/\/www.ceat.cl\/inicio\/wp-json\/wp\/v2\/posts\/20282\/revisions\/20290"}],"wp:featuredmedia":[{"embeddable":true,"href":"https:\/\/www.ceat.cl\/inicio\/wp-json\/wp\/v2\/media\/20287"}],"wp:attachment":[{"href":"https:\/\/www.ceat.cl\/inicio\/wp-json\/wp\/v2\/media?parent=20282"}],"wp:term":[{"taxonomy":"category","embeddable":true,"href":"https:\/\/www.ceat.cl\/inicio\/wp-json\/wp\/v2\/categories?post=20282"},{"taxonomy":"post_tag","embeddable":true,"href":"https:\/\/www.ceat.cl\/inicio\/wp-json\/wp\/v2\/tags?post=20282"}],"curies":[{"name":"wp","href":"https:\/\/api.w.org\/{rel}","templated":true}]}}