{"id":20316,"date":"2026-01-14T19:30:19","date_gmt":"2026-01-14T22:30:19","guid":{"rendered":"https:\/\/www.ceat.cl\/inicio\/?p=20316"},"modified":"2026-01-14T14:43:47","modified_gmt":"2026-01-14T17:43:47","slug":"semana-de-capacitaciones-en-el-liceo-ceat","status":"publish","type":"post","link":"https:\/\/www.ceat.cl\/inicio\/semana-de-capacitaciones-en-el-liceo-ceat\/","title":{"rendered":"Semana de Capacitaciones en el Liceo CEAT"},"content":{"rendered":"<p>[et_pb_section fb_built=\u00bb1&#8243; theme_builder_area=\u00bbpost_content\u00bb _builder_version=\u00bb4.27.4&#8243; _module_preset=\u00bbdefault\u00bb][et_pb_row _builder_version=\u00bb4.27.4&#8243; _module_preset=\u00bbdefault\u00bb theme_builder_area=\u00bbpost_content\u00bb][et_pb_column _builder_version=\u00bb4.27.4&#8243; _module_preset=\u00bbdefault\u00bb type=\u00bb4_4&#8243; theme_builder_area=\u00bbpost_content\u00bb][et_pb_text _builder_version=\u00bb4.27.4&#8243; _module_preset=\u00bbdefault\u00bb theme_builder_area=\u00bbpost_content\u00bb text_orientation=\u00bbjustified\u00bb hover_enabled=\u00bb0&#8243; sticky_enabled=\u00bb0&#8243;]Durante la primera semana de enero de este 2026, nuestro liceo desarroll\u00f3 un importante programa de capacitaciones dirigido a docentes y asistentes de la educaci\u00f3n. Estas instancias formativas tuvieron como objetivo fortalecer las competencias profesionales y mejorar las pr\u00e1cticas pedag\u00f3gicas de nuestra comunidad educativa.<\/p>\n<p>Las y los funcionarios participaron en diversas actividades que abordaron \u00e1reas clave para el trabajo en el aula y la convivencia escolar. Entre las capacitaciones realizadas se encontraron cursos de Lengua de Se\u00f1as, dirigidos a docentes de Electr\u00f3nica, Formaci\u00f3n General y asistentes de la educaci\u00f3n, impartidos por LSINCLU, as\u00ed como las jornadas sobre Ley TEA y Ley Karin, desarrolladas por la Mutual de Seguridad, enfocadas en la inclusi\u00f3n y el bienestar laboral.<\/p>\n<p>Tambi\u00e9n se realizaron talleres de Aprendizaje Basado en Proyectos (ABPro) a cargo de INACAP, junto con instancias de evaluaci\u00f3n educativa, fortaleciendo la planificaci\u00f3n y el seguimiento de los aprendizajes. En el \u00e1rea t\u00e9cnico-profesional, docentes de Mec\u00e1nica y Tecnolog\u00eda participaron en una capacitaci\u00f3n de AutoCAD, herramienta clave para el desarrollo de competencias t\u00e9cnicas.<\/p>\n<p>Asimismo, se llevaron a cabo talleres de comprensi\u00f3n lectora para profesoras de Lenguaje y educadoras diferenciales, y de danza folcl\u00f3rica para docentes de Educaci\u00f3n F\u00edsica y monitores ACLE, promoviendo el desarrollo integral de los y las estudiantes. Finalmente, se incluy\u00f3 una capacitaci\u00f3n en Inteligencia Artificial, orientada a conocer nuevas herramientas tecnol\u00f3gicas aplicables a la educaci\u00f3n.<\/p>\n<p>Estas capacitaciones representaron una valiosa oportunidad de aprendizaje y actualizaci\u00f3n, reafirmando nuestro compromiso con la formaci\u00f3n continua de su equipo y con la mejora permanente de la calidad educativa que se entrega a sus estudiantes.[\/et_pb_text][et_pb_image _builder_version=\u00bb4.27.4&#8243; _module_preset=\u00bbdefault\u00bb theme_builder_area=\u00bbpost_content\u00bb title_text=\u00bbSemana de Capacitaciones en el Liceo CEAT\u00bb src=\u00bbhttps:\/\/www.ceat.cl\/inicio\/wp-content\/uploads\/2026\/01\/Semana-de-Capacitaciones-en-el-Liceo-CEAT.jpg\u00bb box_shadow_style=\u00bbpreset2&#8243; hover_enabled=\u00bb0&#8243; sticky_enabled=\u00bb0&#8243;][\/et_pb_image][\/et_pb_column][\/et_pb_row][\/et_pb_section]<\/p>\n","protected":false},"excerpt":{"rendered":"<p>Durante la primera semana de enero de este 2026, nuestro liceo desarroll\u00f3 un importante programa de capacitaciones dirigido a docentes y asistentes de la educaci\u00f3n. Estas instancias formativas tuvieron como objetivo fortalecer las competencias profesionales y mejorar las pr\u00e1cticas pedag\u00f3gicas de nuestra comunidad educativa. Las y los funcionarios participaron en diversas actividades que abordaron \u00e1reas [&hellip;]<\/p>\n","protected":false},"author":2,"featured_media":20319,"comment_status":"open","ping_status":"open","sticky":false,"template":"","format":"standard","meta":{"_et_pb_use_builder":"on","_et_pb_old_content":"","_et_gb_content_width":"","footnotes":""},"categories":[5,3],"tags":[],"class_list":["post-20316","post","type-post","status-publish","format-standard","has-post-thumbnail","hentry","category-noticias","category-not-liceo"],"_links":{"self":[{"href":"https:\/\/www.ceat.cl\/inicio\/wp-json\/wp\/v2\/posts\/20316","targetHints":{"allow":["GET"]}}],"collection":[{"href":"https:\/\/www.ceat.cl\/inicio\/wp-json\/wp\/v2\/posts"}],"about":[{"href":"https:\/\/www.ceat.cl\/inicio\/wp-json\/wp\/v2\/types\/post"}],"author":[{"embeddable":true,"href":"https:\/\/www.ceat.cl\/inicio\/wp-json\/wp\/v2\/users\/2"}],"replies":[{"embeddable":true,"href":"https:\/\/www.ceat.cl\/inicio\/wp-json\/wp\/v2\/comments?post=20316"}],"version-history":[{"count":2,"href":"https:\/\/www.ceat.cl\/inicio\/wp-json\/wp\/v2\/posts\/20316\/revisions"}],"predecessor-version":[{"id":20320,"href":"https:\/\/www.ceat.cl\/inicio\/wp-json\/wp\/v2\/posts\/20316\/revisions\/20320"}],"wp:featuredmedia":[{"embeddable":true,"href":"https:\/\/www.ceat.cl\/inicio\/wp-json\/wp\/v2\/media\/20319"}],"wp:attachment":[{"href":"https:\/\/www.ceat.cl\/inicio\/wp-json\/wp\/v2\/media?parent=20316"}],"wp:term":[{"taxonomy":"category","embeddable":true,"href":"https:\/\/www.ceat.cl\/inicio\/wp-json\/wp\/v2\/categories?post=20316"},{"taxonomy":"post_tag","embeddable":true,"href":"https:\/\/www.ceat.cl\/inicio\/wp-json\/wp\/v2\/tags?post=20316"}],"curies":[{"name":"wp","href":"https:\/\/api.w.org\/{rel}","templated":true}]}}