{"id":20359,"date":"2026-03-12T22:19:33","date_gmt":"2026-03-13T01:19:33","guid":{"rendered":"https:\/\/www.ceat.cl\/inicio\/?p=20359"},"modified":"2026-03-12T22:19:38","modified_gmt":"2026-03-13T01:19:38","slug":"primer-consejo-escolar-2026","status":"publish","type":"post","link":"https:\/\/www.ceat.cl\/inicio\/primer-consejo-escolar-2026\/","title":{"rendered":"Primer Consejo Escolar 2026"},"content":{"rendered":"<p>[et_pb_section fb_built=\u00bb1&#8243; theme_builder_area=\u00bbpost_content\u00bb _builder_version=\u00bb4.27.4&#8243; _module_preset=\u00bbdefault\u00bb][et_pb_row _builder_version=\u00bb4.27.4&#8243; _module_preset=\u00bbdefault\u00bb theme_builder_area=\u00bbpost_content\u00bb][et_pb_column _builder_version=\u00bb4.27.4&#8243; _module_preset=\u00bbdefault\u00bb type=\u00bb4_4&#8243; theme_builder_area=\u00bbpost_content\u00bb][et_pb_text _builder_version=\u00bb4.27.4&#8243; _module_preset=\u00bbdefault\u00bb theme_builder_area=\u00bbpost_content\u00bb text_orientation=\u00bbjustified\u00bb hover_enabled=\u00bb0&#8243; sticky_enabled=\u00bb0&#8243;]El pasado martes 10 de marzo, nuestro liceo dio un paso clave en su organizaci\u00f3n anual con la primera sesi\u00f3n del Consejo Escolar 2026. Este espacio de encuentro re\u00fane las voces de la Direcci\u00f3n, el Sostenedor, docentes, asistentes de la educaci\u00f3n, estudiantes (CEAL) y apoderados, asegurando que cada estamento sea parte activa de nuestra ruta educativa.<\/p>\n<p>La importancia de este Consejo radica en su capacidad para transformar el di\u00e1logo en transparencia. Al ser una instancia donde se analiza la gesti\u00f3n y se proponen mejoras, garantizamos que el Proyecto Educativo del CEAT se construya de forma democr\u00e1tica, fortaleciendo la convivencia y el compromiso de toda nuestra comunidad t\u00e9cnica para este nuevo a\u00f1o acad\u00e9mico.[\/et_pb_text][et_pb_image _builder_version=\u00bb4.27.4&#8243; _module_preset=\u00bbdefault\u00bb theme_builder_area=\u00bbpost_content\u00bb title_text=\u00bbPrimer Consejo Escolar 2026&#8243; src=\u00bbhttps:\/\/www.ceat.cl\/inicio\/wp-content\/uploads\/2026\/03\/Primer-Consejo-Escolar-2026.jpg\u00bb box_shadow_style=\u00bbpreset2&#8243; hover_enabled=\u00bb0&#8243; sticky_enabled=\u00bb0&#8243;][\/et_pb_image][et_pb_image _builder_version=\u00bb4.27.4&#8243; _module_preset=\u00bbdefault\u00bb theme_builder_area=\u00bbpost_content\u00bb title_text=\u00bbPrimer Consejo Escolar 2026 (2)\u00bb src=\u00bbhttps:\/\/www.ceat.cl\/inicio\/wp-content\/uploads\/2026\/03\/Primer-Consejo-Escolar-2026-2.jpg\u00bb box_shadow_style=\u00bbpreset2&#8243; hover_enabled=\u00bb0&#8243; sticky_enabled=\u00bb0&#8243;][\/et_pb_image][\/et_pb_column][\/et_pb_row][\/et_pb_section]<\/p>\n","protected":false},"excerpt":{"rendered":"<p>El pasado martes 10 de marzo, nuestro liceo dio un paso clave en su organizaci\u00f3n anual con la primera sesi\u00f3n del Consejo Escolar 2026. Este espacio de encuentro re\u00fane las voces de la Direcci\u00f3n, el Sostenedor, docentes, asistentes de la educaci\u00f3n, estudiantes (CEAL) y apoderados, asegurando que cada estamento sea parte activa de nuestra ruta [&hellip;]<\/p>\n","protected":false},"author":2,"featured_media":20363,"comment_status":"open","ping_status":"open","sticky":false,"template":"","format":"standard","meta":{"_et_pb_use_builder":"on","_et_pb_old_content":"","_et_gb_content_width":"","footnotes":""},"categories":[5,3],"tags":[],"class_list":["post-20359","post","type-post","status-publish","format-standard","has-post-thumbnail","hentry","category-noticias","category-not-liceo"],"_links":{"self":[{"href":"https:\/\/www.ceat.cl\/inicio\/wp-json\/wp\/v2\/posts\/20359","targetHints":{"allow":["GET"]}}],"collection":[{"href":"https:\/\/www.ceat.cl\/inicio\/wp-json\/wp\/v2\/posts"}],"about":[{"href":"https:\/\/www.ceat.cl\/inicio\/wp-json\/wp\/v2\/types\/post"}],"author":[{"embeddable":true,"href":"https:\/\/www.ceat.cl\/inicio\/wp-json\/wp\/v2\/users\/2"}],"replies":[{"embeddable":true,"href":"https:\/\/www.ceat.cl\/inicio\/wp-json\/wp\/v2\/comments?post=20359"}],"version-history":[{"count":2,"href":"https:\/\/www.ceat.cl\/inicio\/wp-json\/wp\/v2\/posts\/20359\/revisions"}],"predecessor-version":[{"id":20364,"href":"https:\/\/www.ceat.cl\/inicio\/wp-json\/wp\/v2\/posts\/20359\/revisions\/20364"}],"wp:featuredmedia":[{"embeddable":true,"href":"https:\/\/www.ceat.cl\/inicio\/wp-json\/wp\/v2\/media\/20363"}],"wp:attachment":[{"href":"https:\/\/www.ceat.cl\/inicio\/wp-json\/wp\/v2\/media?parent=20359"}],"wp:term":[{"taxonomy":"category","embeddable":true,"href":"https:\/\/www.ceat.cl\/inicio\/wp-json\/wp\/v2\/categories?post=20359"},{"taxonomy":"post_tag","embeddable":true,"href":"https:\/\/www.ceat.cl\/inicio\/wp-json\/wp\/v2\/tags?post=20359"}],"curies":[{"name":"wp","href":"https:\/\/api.w.org\/{rel}","templated":true}]}}