{"id":20490,"date":"2026-03-30T10:23:58","date_gmt":"2026-03-30T13:23:58","guid":{"rendered":"https:\/\/www.ceat.cl\/inicio\/?p=20490"},"modified":"2026-03-30T10:24:12","modified_gmt":"2026-03-30T13:24:12","slug":"comunicado-de-condolencias-3","status":"publish","type":"post","link":"https:\/\/www.ceat.cl\/inicio\/comunicado-de-condolencias-3\/","title":{"rendered":"Comunicado de Condolencias"},"content":{"rendered":"<p>[et_pb_section fb_built=\u00bb1&#8243; theme_builder_area=\u00bbpost_content\u00bb _builder_version=\u00bb4.27.6&#8243; _module_preset=\u00bbdefault\u00bb][et_pb_row _builder_version=\u00bb4.27.6&#8243; _module_preset=\u00bbdefault\u00bb theme_builder_area=\u00bbpost_content\u00bb][et_pb_column _builder_version=\u00bb4.27.6&#8243; _module_preset=\u00bbdefault\u00bb type=\u00bb4_4&#8243; theme_builder_area=\u00bbpost_content\u00bb][et_pb_text _builder_version=\u00bb4.27.6&#8243; _module_preset=\u00bbdefault\u00bb theme_builder_area=\u00bbpost_content\u00bb text_orientation=\u00bbjustified\u00bb hover_enabled=\u00bb0&#8243; sticky_enabled=\u00bb0&#8243;]Como comunidad educativa del Liceo Mauricio Hochschild del CEAT, expresamos nuestro m\u00e1s profundo pesar y acompa\u00f1amiento al Instituto Obispo Silva Lezaeta.<\/p>\n<p>Nos duele profundamente lo sucedido. Como educadores, estudiantes y familias, compartimos esta tristeza que hoy enluta a toda su comunidad. Creemos en la importancia de acompa\u00f1arnos; tengan la certeza de que no est\u00e1n solos y que toda la comunidad educativa del pa\u00eds les acompa\u00f1a con sincero afecto.<\/p>\n<p>Abrazamos con respeto a cada familia, a sus estudiantes, docentes y asistentes de la educaci\u00f3n. De manera especial, enviamos nuestras m\u00e1s sinceras condolencias a la familia de la Sra. Mar\u00eda Victoria Reyes Vache (Q.E.P.D.), acompa\u00f1\u00e1ndoles con cari\u00f1o en este momento de inmenso dolor. Asimismo, extendemos nuestros deseos de pronta recuperaci\u00f3n a quienes se encuentran hospitalizados.<\/p>\n<p>Con el coraz\u00f3n junto a ustedes, les enviamos un abrazo fraterno y toda nuestra solidaridad.[\/et_pb_text][et_pb_image _builder_version=\u00bb4.27.6&#8243; _module_preset=\u00bbdefault\u00bb theme_builder_area=\u00bbpost_content\u00bb title_text=\u00bbdefuncio\u0301n 27032026&#8243; src=\u00bbhttps:\/\/www.ceat.cl\/inicio\/wp-content\/uploads\/2026\/03\/defuncion-27032026.jpg\u00bb box_shadow_style=\u00bbpreset2&#8243; hover_enabled=\u00bb0&#8243; sticky_enabled=\u00bb0&#8243;][\/et_pb_image][\/et_pb_column][\/et_pb_row][\/et_pb_section]<\/p>\n","protected":false},"excerpt":{"rendered":"<p>Como comunidad educativa del Liceo Mauricio Hochschild del CEAT, expresamos nuestro m\u00e1s profundo pesar y acompa\u00f1amiento al Instituto Obispo Silva Lezaeta. Nos duele profundamente lo sucedido. Como educadores, estudiantes y familias, compartimos esta tristeza que hoy enluta a toda su comunidad. Creemos en la importancia de acompa\u00f1arnos; tengan la certeza de que no est\u00e1n solos [&hellip;]<\/p>\n","protected":false},"author":2,"featured_media":20493,"comment_status":"open","ping_status":"open","sticky":false,"template":"","format":"standard","meta":{"_et_pb_use_builder":"on","_et_pb_old_content":"","_et_gb_content_width":"","footnotes":""},"categories":[5,3],"tags":[],"class_list":["post-20490","post","type-post","status-publish","format-standard","has-post-thumbnail","hentry","category-noticias","category-not-liceo"],"_links":{"self":[{"href":"https:\/\/www.ceat.cl\/inicio\/wp-json\/wp\/v2\/posts\/20490","targetHints":{"allow":["GET"]}}],"collection":[{"href":"https:\/\/www.ceat.cl\/inicio\/wp-json\/wp\/v2\/posts"}],"about":[{"href":"https:\/\/www.ceat.cl\/inicio\/wp-json\/wp\/v2\/types\/post"}],"author":[{"embeddable":true,"href":"https:\/\/www.ceat.cl\/inicio\/wp-json\/wp\/v2\/users\/2"}],"replies":[{"embeddable":true,"href":"https:\/\/www.ceat.cl\/inicio\/wp-json\/wp\/v2\/comments?post=20490"}],"version-history":[{"count":2,"href":"https:\/\/www.ceat.cl\/inicio\/wp-json\/wp\/v2\/posts\/20490\/revisions"}],"predecessor-version":[{"id":20494,"href":"https:\/\/www.ceat.cl\/inicio\/wp-json\/wp\/v2\/posts\/20490\/revisions\/20494"}],"wp:featuredmedia":[{"embeddable":true,"href":"https:\/\/www.ceat.cl\/inicio\/wp-json\/wp\/v2\/media\/20493"}],"wp:attachment":[{"href":"https:\/\/www.ceat.cl\/inicio\/wp-json\/wp\/v2\/media?parent=20490"}],"wp:term":[{"taxonomy":"category","embeddable":true,"href":"https:\/\/www.ceat.cl\/inicio\/wp-json\/wp\/v2\/categories?post=20490"},{"taxonomy":"post_tag","embeddable":true,"href":"https:\/\/www.ceat.cl\/inicio\/wp-json\/wp\/v2\/tags?post=20490"}],"curies":[{"name":"wp","href":"https:\/\/api.w.org\/{rel}","templated":true}]}}