{"id":20499,"date":"2026-04-02T17:13:55","date_gmt":"2026-04-02T20:13:55","guid":{"rendered":"https:\/\/www.ceat.cl\/inicio\/?p=20499"},"modified":"2026-04-02T13:24:52","modified_gmt":"2026-04-02T16:24:52","slug":"3o-medios-mecanica-automotriz-inician-su-formacion-dual","status":"publish","type":"post","link":"https:\/\/www.ceat.cl\/inicio\/3o-medios-mecanica-automotriz-inician-su-formacion-dual\/","title":{"rendered":"3\u00ba medios Mec\u00e1nica automotriz inician su formaci\u00f3n dual"},"content":{"rendered":"<p>[et_pb_section fb_built=\u00bb1&#8243; theme_builder_area=\u00bbpost_content\u00bb _builder_version=\u00bb4.27.6&#8243; _module_preset=\u00bbdefault\u00bb][et_pb_row _builder_version=\u00bb4.27.6&#8243; _module_preset=\u00bbdefault\u00bb theme_builder_area=\u00bbpost_content\u00bb custom_margin=\u00bb5px||5px||false|false\u00bb custom_padding=\u00bb5px||5px||false|false\u00bb hover_enabled=\u00bb0&#8243; sticky_enabled=\u00bb0&#8243;][et_pb_column _builder_version=\u00bb4.27.6&#8243; _module_preset=\u00bbdefault\u00bb type=\u00bb4_4&#8243; theme_builder_area=\u00bbpost_content\u00bb][et_pb_text _builder_version=\u00bb4.27.6&#8243; _module_preset=\u00bbdefault\u00bb theme_builder_area=\u00bbpost_content\u00bb text_orientation=\u00bbjustified\u00bb hover_enabled=\u00bb0&#8243; sticky_enabled=\u00bb0&#8243;]El pasado 31 de marzo vivimos un momento clave para nuestra comunidad educativa: el inicio oficial de la Formaci\u00f3n Dual para los estudiantes de tercer a\u00f1o medio de la especialidad de Mec\u00e1nica Automotriz. Esta instancia representa mucho m\u00e1s que un cambio metodol\u00f3gico; es el primer v\u00ednculo real y estructurado entre nuestros j\u00f3venes y el entorno laboral profesional.<\/p>\n<p>La formaci\u00f3n dual se sostiene sobre un pilar fundamental: la colaboraci\u00f3n. Este logro es el resultado de un esfuerzo articulado entre el equipo directivo y docente del liceo, el compromiso activo de nuestros estudiantes y el invaluable apoyo de sus familias. Juntos, construimos un puente seguro entre el aula y la industria, garantizando que el aprendizaje t\u00e9cnico se complemente con experiencias reales, supervisi\u00f3n pedag\u00f3gica y acompa\u00f1amiento continuo.<\/p>\n<p>Con este hito, nuestros terceros medios no solo adquieren competencias t\u00e9cnicas actualizadas, sino que tambi\u00e9n desarrollan habilidades blandas, cultura organizacional y una visi\u00f3n clara de su futuro profesional. Estamos convencidos de que esta modalidad fortalecer\u00e1 su inserci\u00f3n laboral y contribuir\u00e1 al desarrollo de un sector automotriz m\u00e1s preparado y competitivo.<\/p>\n<p>Agradecemos a las familias, docentes y empresas aliadas que hacen posible esta transici\u00f3n. \u00a1Seguimos avanzando con pasi\u00f3n y excelencia hacia una educaci\u00f3n t\u00e9cnica de calidad![\/et_pb_text][\/et_pb_column][\/et_pb_row][et_pb_row _builder_version=\u00bb4.27.6&#8243; _module_preset=\u00bbdefault\u00bb theme_builder_area=\u00bbpost_content\u00bb custom_margin=\u00bb5px||5px||false|false\u00bb custom_padding=\u00bb5px||5px||false|false\u00bb hover_enabled=\u00bb0&#8243; sticky_enabled=\u00bb0&#8243; column_structure=\u00bb1_2,1_2&#8243;][et_pb_column _builder_version=\u00bb4.27.6&#8243; _module_preset=\u00bbdefault\u00bb type=\u00bb1_2&#8243; theme_builder_area=\u00bbpost_content\u00bb][et_pb_image _builder_version=\u00bb4.27.6&#8243; _module_preset=\u00bbdefault\u00bb theme_builder_area=\u00bbpost_content\u00bb title_text=\u00bb3\u00ba medios Meca\u0301nica automotriz inician su formacio\u0301n dual (3)\u00bb src=\u00bbhttps:\/\/www.ceat.cl\/inicio\/wp-content\/uploads\/2026\/04\/3o-medios-Mecanica-automotriz-inician-su-formacion-dual-3.jpg\u00bb box_shadow_style=\u00bbpreset2&#8243; hover_enabled=\u00bb0&#8243; sticky_enabled=\u00bb0&#8243;][\/et_pb_image][\/et_pb_column][et_pb_column _builder_version=\u00bb4.27.6&#8243; _module_preset=\u00bbdefault\u00bb type=\u00bb1_2&#8243; theme_builder_area=\u00bbpost_content\u00bb][et_pb_image _builder_version=\u00bb4.27.6&#8243; _module_preset=\u00bbdefault\u00bb theme_builder_area=\u00bbpost_content\u00bb title_text=\u00bb3\u00ba medios Meca\u0301nica automotriz inician su formacio\u0301n dual (3)\u00bb src=\u00bbhttps:\/\/www.ceat.cl\/inicio\/wp-content\/uploads\/2026\/04\/3o-medios-Mecanica-automotriz-inician-su-formacion-dual-3.jpg\u00bb box_shadow_style=\u00bbpreset2&#8243; hover_enabled=\u00bb0&#8243; sticky_enabled=\u00bb0&#8243;][\/et_pb_image][\/et_pb_column][\/et_pb_row][et_pb_row _builder_version=\u00bb4.27.6&#8243; _module_preset=\u00bbdefault\u00bb theme_builder_area=\u00bbpost_content\u00bb custom_margin=\u00bb5px||5px||false|false\u00bb custom_padding=\u00bb5px||5px||false|false\u00bb hover_enabled=\u00bb0&#8243; sticky_enabled=\u00bb0&#8243;][et_pb_column _builder_version=\u00bb4.27.6&#8243; _module_preset=\u00bbdefault\u00bb type=\u00bb4_4&#8243; theme_builder_area=\u00bbpost_content\u00bb][et_pb_image _builder_version=\u00bb4.27.6&#8243; _module_preset=\u00bbdefault\u00bb theme_builder_area=\u00bbpost_content\u00bb title_text=\u00bb3\u00ba medios Meca\u0301nica automotriz inician su formacio\u0301n dual (3)\u00bb src=\u00bbhttps:\/\/www.ceat.cl\/inicio\/wp-content\/uploads\/2026\/04\/3o-medios-Mecanica-automotriz-inician-su-formacion-dual-3.jpg\u00bb box_shadow_style=\u00bbpreset2&#8243; hover_enabled=\u00bb0&#8243; sticky_enabled=\u00bb0&#8243;][\/et_pb_image][\/et_pb_column][\/et_pb_row][\/et_pb_section]<\/p>\n","protected":false},"excerpt":{"rendered":"<p>El pasado 31 de marzo vivimos un momento clave para nuestra comunidad educativa: el inicio oficial de la Formaci\u00f3n Dual para los estudiantes de tercer a\u00f1o medio de la especialidad de Mec\u00e1nica Automotriz. Esta instancia representa mucho m\u00e1s que un cambio metodol\u00f3gico; es el primer v\u00ednculo real y estructurado entre nuestros j\u00f3venes y el entorno [&hellip;]<\/p>\n","protected":false},"author":2,"featured_media":20502,"comment_status":"open","ping_status":"open","sticky":false,"template":"","format":"standard","meta":{"_et_pb_use_builder":"on","_et_pb_old_content":"","_et_gb_content_width":"","footnotes":""},"categories":[5,3],"tags":[],"class_list":["post-20499","post","type-post","status-publish","format-standard","has-post-thumbnail","hentry","category-noticias","category-not-liceo"],"_links":{"self":[{"href":"https:\/\/www.ceat.cl\/inicio\/wp-json\/wp\/v2\/posts\/20499","targetHints":{"allow":["GET"]}}],"collection":[{"href":"https:\/\/www.ceat.cl\/inicio\/wp-json\/wp\/v2\/posts"}],"about":[{"href":"https:\/\/www.ceat.cl\/inicio\/wp-json\/wp\/v2\/types\/post"}],"author":[{"embeddable":true,"href":"https:\/\/www.ceat.cl\/inicio\/wp-json\/wp\/v2\/users\/2"}],"replies":[{"embeddable":true,"href":"https:\/\/www.ceat.cl\/inicio\/wp-json\/wp\/v2\/comments?post=20499"}],"version-history":[{"count":2,"href":"https:\/\/www.ceat.cl\/inicio\/wp-json\/wp\/v2\/posts\/20499\/revisions"}],"predecessor-version":[{"id":20505,"href":"https:\/\/www.ceat.cl\/inicio\/wp-json\/wp\/v2\/posts\/20499\/revisions\/20505"}],"wp:featuredmedia":[{"embeddable":true,"href":"https:\/\/www.ceat.cl\/inicio\/wp-json\/wp\/v2\/media\/20502"}],"wp:attachment":[{"href":"https:\/\/www.ceat.cl\/inicio\/wp-json\/wp\/v2\/media?parent=20499"}],"wp:term":[{"taxonomy":"category","embeddable":true,"href":"https:\/\/www.ceat.cl\/inicio\/wp-json\/wp\/v2\/categories?post=20499"},{"taxonomy":"post_tag","embeddable":true,"href":"https:\/\/www.ceat.cl\/inicio\/wp-json\/wp\/v2\/tags?post=20499"}],"curies":[{"name":"wp","href":"https:\/\/api.w.org\/{rel}","templated":true}]}}