{"id":8198,"date":"2019-03-15T11:11:29","date_gmt":"2019-03-15T14:11:29","guid":{"rendered":"https:\/\/www.ceat.cl\/inicio\/?p=8198"},"modified":"2019-04-15T01:58:50","modified_gmt":"2019-04-15T04:58:50","slug":"1os-y-3os-medios-rindieron-evaluacion-diagnostica-liceos-bicentenario","status":"publish","type":"post","link":"https:\/\/www.ceat.cl\/inicio\/1os-y-3os-medios-rindieron-evaluacion-diagnostica-liceos-bicentenario\/","title":{"rendered":"1\u00bas y 3\u00bas medios rindieron evaluaci\u00f3n diagn\u00f3stica Liceos Bicentenario"},"content":{"rendered":"<p>[et_pb_section bb_built=\u00bb1&#8243;][et_pb_row][et_pb_column type=\u00bb4_4&#8243;][et_pb_text _builder_version=\u00bb3.19&#8243; text_orientation=\u00bbjustified\u00bb]<\/p>\n<p>Desde el martes 11 al viernes 15 de marzo, estudiantes de primer y tercer a\u00f1o medio rindieron la primera evaluaci\u00f3n en l\u00ednea desarrollada para Liceos Bicentenarios, grupo selecto de establecimientos al que el CEAT pas\u00f3 a formar parte desde 2019, desarrollado por la Coordinaci\u00f3n Nacional de Liceos Bicentenario a travez de la plataforma online Moodle.<\/p>\n<p>Durante los d\u00edas mencionados, nuestro estudiantado rindi\u00f3 evaluaciones diagn\u00f3sticas para las asignaturas de Lenguaje y Matem\u00e1tica, instancias en las que cada estudiante contest\u00f3 una serie de preguntas que deb\u00eda responder en 90 minutos. Sin embargo, la Coordinaci\u00f3n Nacional de Liceo Bicentenario tiene contemplado la realizaci\u00f3n de distintas evaluaciones online asignadas durante el a\u00f1o, para cada unidad, de las asignaturas que por estos d\u00edas fueron evaluadas.<\/p>\n<p>Haz <span style=\"color: #993300;\"><strong><a style=\"color: #993300;\" href=\"https:\/\/flic.kr\/s\/aHsmzx72h8\">click aqu\u00ed<\/a><\/strong> <\/span>para revisar el \u00e1lbum Flickr con las fotograf\u00edas de estas jornadas de evaluaci\u00f3n<\/p>\n<p>[\/et_pb_text][et_pb_gallery _builder_version=\u00bb3.19&#8243; gallery_ids=\u00bb8199,8200&#8243; posts_number=\u00bb2&#8243; show_title_and_caption=\u00bboff\u00bb fullwidth=\u00bbon\u00bb hover_overlay_color=\u00bbrgba(255,255,255,0.9)\u00bb auto=\u00bbon\u00bb auto_speed=\u00bb2500&#8243; \/][\/et_pb_column][\/et_pb_row][\/et_pb_section]<\/p>\n","protected":false},"excerpt":{"rendered":"<p><div class=\"et_pb_row et_pb_row_0 et_pb_row_empty\">\n\t\t\t\t\n\t\t\t\t\n\t\t\t\t\n\t\t\t\t\n\t\t\t\t\n\t\t\t<\/div> Desde el martes 11 al viernes 15 de marzo, estudiantes de primer y tercer a\u00f1o medio rindieron la primera evaluaci\u00f3n en l\u00ednea desarrollada para Liceos Bicentenarios, grupo selecto de establecimientos al que el CEAT pas\u00f3 a formar parte desde 2019, desarrollado por la Coordinaci\u00f3n Nacional de Liceos Bicentenario a travez de la plataforma online [&hellip;]<\/p>\n","protected":false},"author":2,"featured_media":8199,"comment_status":"open","ping_status":"open","sticky":false,"template":"","format":"standard","meta":{"_et_pb_use_builder":"on","_et_pb_old_content":"","_et_gb_content_width":"","footnotes":""},"categories":[22,3],"tags":[],"class_list":["post-8198","post","type-post","status-publish","format-standard","has-post-thumbnail","hentry","category-liceo-bicentenario","category-not-liceo"],"_links":{"self":[{"href":"https:\/\/www.ceat.cl\/inicio\/wp-json\/wp\/v2\/posts\/8198","targetHints":{"allow":["GET"]}}],"collection":[{"href":"https:\/\/www.ceat.cl\/inicio\/wp-json\/wp\/v2\/posts"}],"about":[{"href":"https:\/\/www.ceat.cl\/inicio\/wp-json\/wp\/v2\/types\/post"}],"author":[{"embeddable":true,"href":"https:\/\/www.ceat.cl\/inicio\/wp-json\/wp\/v2\/users\/2"}],"replies":[{"embeddable":true,"href":"https:\/\/www.ceat.cl\/inicio\/wp-json\/wp\/v2\/comments?post=8198"}],"version-history":[{"count":2,"href":"https:\/\/www.ceat.cl\/inicio\/wp-json\/wp\/v2\/posts\/8198\/revisions"}],"predecessor-version":[{"id":8203,"href":"https:\/\/www.ceat.cl\/inicio\/wp-json\/wp\/v2\/posts\/8198\/revisions\/8203"}],"wp:featuredmedia":[{"embeddable":true,"href":"https:\/\/www.ceat.cl\/inicio\/wp-json\/wp\/v2\/media\/8199"}],"wp:attachment":[{"href":"https:\/\/www.ceat.cl\/inicio\/wp-json\/wp\/v2\/media?parent=8198"}],"wp:term":[{"taxonomy":"category","embeddable":true,"href":"https:\/\/www.ceat.cl\/inicio\/wp-json\/wp\/v2\/categories?post=8198"},{"taxonomy":"post_tag","embeddable":true,"href":"https:\/\/www.ceat.cl\/inicio\/wp-json\/wp\/v2\/tags?post=8198"}],"curies":[{"name":"wp","href":"https:\/\/api.w.org\/{rel}","templated":true}]}}