{"id":8209,"date":"2019-03-25T07:55:47","date_gmt":"2019-03-25T10:55:47","guid":{"rendered":"https:\/\/www.ceat.cl\/inicio\/?p=8209"},"modified":"2019-04-15T01:59:04","modified_gmt":"2019-04-15T04:59:04","slug":"directivos-del-ceat-asistieron-a-jornada-de-trabajo-de-liceos-bicentenario-en-el-palacio-de-la-moneda","status":"publish","type":"post","link":"https:\/\/www.ceat.cl\/inicio\/directivos-del-ceat-asistieron-a-jornada-de-trabajo-de-liceos-bicentenario-en-el-palacio-de-la-moneda\/","title":{"rendered":"Directivos del CEAT asistieron a jornada de trabajo de Liceos Bicentenario en el Palacio de la Moneda"},"content":{"rendered":"<p>[et_pb_section bb_built=\u00bb1&#8243;][et_pb_row][et_pb_column type=\u00bb4_4&#8243;][et_pb_text _builder_version=\u00bb3.19&#8243; text_orientation=\u00bbjustified\u00bb]<\/p>\n<p>Durante la primera quincena de enero, los directivos de nuestro liceo, junto a otros 40 establecimientos de la red de Liceos Bicentenario,se reunieron con el Presidente la Rep\u00fablica, Sebasti\u00e1n Pi\u00f1era, y la Ministra de Educaci\u00f3n, Marcela Cubillos. La jornada de trabajo fue la primera actividad que reuni\u00f3 a directores y jefes de Unidad T\u00e9cnico Pedag\u00f3gica (UTP) de los 40 liceos t\u00e9cnico-profesionales que se sumaron en 2019 a los 60 Liceos Bicentenarios creados en el primer gobierno del Presidente.<\/p>\n<p><em>\u00abEn el encuentro los directivos recibieron los lineamientos generales del proyecto para el per\u00edodo 2018-2022 y se les entregaron insumos para que puedan mejorar la calidad de la educaci\u00f3n media t\u00e9cnico-profesional que imparten, adem\u00e1s de herramientas de apoyo para el fortalecimiento educativo y de infraestructura de los planteles.<\/em><\/p>\n<p><em>Adicionalmente, conocieron experiencias de otros directores que participan en este programa y los cambios que experimentaron sus comunidades educativas, junto con formalizar la Red de los Liceos Bicentenario en el pa\u00eds<\/em>.\u00bb (Fuente: <span style=\"color: #993300;\"><strong><a style=\"color: #993300;\" href=\"http:\/\/www.tecnicoprofesional.mineduc.cl\/presidente-pinera-queremos-que-todos-y-cada-uno-de-los-liceos-de-chile-sean-liceos-de-excelencia\/\">tecnicoprofesional.mineduc.cl<\/a><\/strong><\/span>)<\/p>\n<h4><strong>Liceo Mauricio Hochschild del CEAT, Liceo Bicentenario de Excelencia.<\/strong><\/h4>\n<p>A partir de 2019, el CEAT pasa a formar parte de los liceo Bicentenario de Educaci\u00f3n T\u00e9cnico Profesional, cuya selecci\u00f3n se di\u00f3 a conocer el 27 en diciembre de 2018, lo que signific\u00f3 el cierre de\u00a0 una convocatoria abierta realizada por el Ministerio de Educaci\u00f3n entre octubre y noviembre de 2018 y que recibi\u00f3 271 postulaciones.<\/p>\n<p>Los establecimientos beneficiados obtendr\u00e1n recursos para financiar un proyecto de infraestructura, adquisici\u00f3n de equipamiento y\/o mobiliario y acciones establecidas en su plan de fortalecimiento educativo (capacitaciones, asesor\u00edas, certificaciones).<\/p>\n<p>[\/et_pb_text][et_pb_gallery _builder_version=\u00bb3.19&#8243; posts_number=\u00bb3&#8243; fullwidth=\u00bbon\u00bb hover_overlay_color=\u00bbrgba(255,255,255,0.9)\u00bb gallery_ids=\u00bb8246,8247&#8243; auto=\u00bbon\u00bb auto_speed=\u00bb2500&#8243; \/][\/et_pb_column][\/et_pb_row][\/et_pb_section]<\/p>\n","protected":false},"excerpt":{"rendered":"<p><div class=\"et_pb_row et_pb_row_0 et_pb_row_empty\">\n\t\t\t\t\n\t\t\t\t\n\t\t\t\t\n\t\t\t\t\n\t\t\t\t\n\t\t\t<\/div> Durante la primera quincena de enero, los directivos de nuestro liceo, junto a otros 40 establecimientos de la red de Liceos Bicentenario,se reunieron con el Presidente la Rep\u00fablica, Sebasti\u00e1n Pi\u00f1era, y la Ministra de Educaci\u00f3n, Marcela Cubillos. La jornada de trabajo fue la primera actividad que reuni\u00f3 a directores y jefes de Unidad T\u00e9cnico [&hellip;]<\/p>\n","protected":false},"author":2,"featured_media":8246,"comment_status":"open","ping_status":"open","sticky":false,"template":"","format":"standard","meta":{"_et_pb_use_builder":"on","_et_pb_old_content":"","_et_gb_content_width":"","footnotes":""},"categories":[22,3],"tags":[],"class_list":["post-8209","post","type-post","status-publish","format-standard","has-post-thumbnail","hentry","category-liceo-bicentenario","category-not-liceo"],"_links":{"self":[{"href":"https:\/\/www.ceat.cl\/inicio\/wp-json\/wp\/v2\/posts\/8209","targetHints":{"allow":["GET"]}}],"collection":[{"href":"https:\/\/www.ceat.cl\/inicio\/wp-json\/wp\/v2\/posts"}],"about":[{"href":"https:\/\/www.ceat.cl\/inicio\/wp-json\/wp\/v2\/types\/post"}],"author":[{"embeddable":true,"href":"https:\/\/www.ceat.cl\/inicio\/wp-json\/wp\/v2\/users\/2"}],"replies":[{"embeddable":true,"href":"https:\/\/www.ceat.cl\/inicio\/wp-json\/wp\/v2\/comments?post=8209"}],"version-history":[{"count":5,"href":"https:\/\/www.ceat.cl\/inicio\/wp-json\/wp\/v2\/posts\/8209\/revisions"}],"predecessor-version":[{"id":8249,"href":"https:\/\/www.ceat.cl\/inicio\/wp-json\/wp\/v2\/posts\/8209\/revisions\/8249"}],"wp:featuredmedia":[{"embeddable":true,"href":"https:\/\/www.ceat.cl\/inicio\/wp-json\/wp\/v2\/media\/8246"}],"wp:attachment":[{"href":"https:\/\/www.ceat.cl\/inicio\/wp-json\/wp\/v2\/media?parent=8209"}],"wp:term":[{"taxonomy":"category","embeddable":true,"href":"https:\/\/www.ceat.cl\/inicio\/wp-json\/wp\/v2\/categories?post=8209"},{"taxonomy":"post_tag","embeddable":true,"href":"https:\/\/www.ceat.cl\/inicio\/wp-json\/wp\/v2\/tags?post=8209"}],"curies":[{"name":"wp","href":"https:\/\/api.w.org\/{rel}","templated":true}]}}