{"id":8520,"date":"2019-04-26T21:10:20","date_gmt":"2019-04-27T00:10:20","guid":{"rendered":"https:\/\/www.ceat.cl\/inicio\/?p=8520"},"modified":"2019-04-26T22:45:13","modified_gmt":"2019-04-27T01:45:13","slug":"con-la-presencia-del-intendente-del-biobio-y-el-seremi-de-educacion-se-realiza-firma-de-compromiso-bicentenario-2019","status":"publish","type":"post","link":"https:\/\/www.ceat.cl\/inicio\/con-la-presencia-del-intendente-del-biobio-y-el-seremi-de-educacion-se-realiza-firma-de-compromiso-bicentenario-2019\/","title":{"rendered":"Con la presencia del Intendente del Biobio y el SEREMI de Educaci\u00f3n se realiza firma de \u00abCompromiso Bicentenario 2019\u00bb"},"content":{"rendered":"<p>[et_pb_section bb_built=\u00bb1&#8243;][et_pb_row _builder_version=\u00bb3.19&#8243; custom_margin=\u00bb||5px|\u00bb custom_padding=\u00bb||5px|\u00bb][et_pb_column type=\u00bb4_4&#8243;][et_pb_text _builder_version=\u00bb3.19&#8243; text_orientation=\u00bbjustified\u00bb]<\/p>\n<p>Con la presencia del Intendente de la Regi\u00f3n del Biob\u00edo, Sr. Sergio Giacaman, el SEREMI de Educaci\u00f3n, Sr. Fernando Pe\u00f1a, y directivos de los liceos Bicentenario TP, se realiz\u00f3 la firma \u00abCompromiso Bicentenario 2019&#8243;, cuyo es reforzar el acuerdo entre todos los actores de la comunidad escolar con los proyectos educativos de los que participan y las metas de calidad que les exige el Ministerio de Educaci\u00f3n a todos los Liceos Bicentenario y de Excelencia Acad\u00e9mica.<\/p>\n<p>El intendente Sergio Giacaman destac\u00f3 que \u201cse ratifica un compromiso por el trabajo hacia la calidad de la educaci\u00f3n y los resultados de estos colegios son bastantes exitosos. El foco de mis palabras va en que mis esfuerzos se vuelquen en la innovaci\u00f3n, nosotros figuramos con muy malos indicadores, somos la segunda regi\u00f3n con menos avance a nivel nacional\u201d.<\/p>\n<p>[\/et_pb_text][\/et_pb_column][\/et_pb_row][et_pb_row][et_pb_column type=\u00bb1_3&#8243;][et_pb_image _builder_version=\u00bb3.19&#8243; src=\u00bbhttps:\/\/www.ceat.cl\/inicio\/wp-content\/uploads\/2019\/04\/Firma-Compromiso-Bicentenario-2019-_-0.jpg\u00bb show_bottom_space=\u00bboff\u00bb box_shadow_style=\u00bbpreset2&#8243; show_in_lightbox=\u00bbon\u00bb \/][\/et_pb_column][et_pb_column type=\u00bb1_3&#8243;][et_pb_image _builder_version=\u00bb3.19&#8243; src=\u00bbhttps:\/\/www.ceat.cl\/inicio\/wp-content\/uploads\/2019\/04\/Firma-Compromiso-Bicentenario-2019-_-TP-1.jpg\u00bb show_bottom_space=\u00bboff\u00bb box_shadow_style=\u00bbpreset2&#8243; show_in_lightbox=\u00bbon\u00bb \/][\/et_pb_column][et_pb_column type=\u00bb1_3&#8243;][et_pb_image _builder_version=\u00bb3.19&#8243; src=\u00bbhttps:\/\/www.ceat.cl\/inicio\/wp-content\/uploads\/2019\/04\/Firma-Compromiso-Bicentenario-2019-_-TP-2.jpg\u00bb show_bottom_space=\u00bboff\u00bb box_shadow_style=\u00bbpreset2&#8243; show_in_lightbox=\u00bbon\u00bb \/][\/et_pb_column][\/et_pb_row][et_pb_row _builder_version=\u00bb3.19&#8243; custom_margin=\u00bb||5px|\u00bb custom_padding=\u00bb||5px|\u00bb][et_pb_column type=\u00bb2_5&#8243;][et_pb_text _builder_version=\u00bb3.19&#8243; text_orientation=\u00bbjustified\u00bb]<\/p>\n<p>La ceremonia, realizada el martes 23 de abril en el auditorio de nuestro establecimiento, los directivos y representantes de cada estamento de los liceos Mauricio Hochschild del CEAT, Liceo Nuevo Mundo (Mulch\u00e9n) y Liceo Industrial (Tom\u00e9), todos recientemente con la obtenci\u00f3n de liceos bicentenario, concretaron la Firma de Compromiso 2019. En la ocasi\u00f3n se realiz\u00f3 la renovaci\u00f3n de su compromiso con la educaci\u00f3n de excelencia, los liceos bicentenario Rep\u00fablica del Brasil (Concepci\u00f3n), Padre Manuel D&#8217;Alzon (Lota), Liceo de Coronel (Coronel), Liceo Los \u00c1ngeles (Los \u00c1ngeles) y Liceo Isidora Ramos de Gajardo (Lebu).<\/p>\n<p>[\/et_pb_text][\/et_pb_column][et_pb_column type=\u00bb3_5&#8243;][et_pb_image _builder_version=\u00bb3.19&#8243; src=\u00bbhttps:\/\/www.ceat.cl\/inicio\/wp-content\/uploads\/2019\/04\/Firma-Renovacion-Compromiso-Bicentenario-2019.jpg\u00bb show_bottom_space=\u00bboff\u00bb box_shadow_style=\u00bbpreset2&#8243; show_in_lightbox=\u00bbon\u00bb \/][\/et_pb_column][\/et_pb_row][et_pb_row _builder_version=\u00bb3.19&#8243; custom_margin=\u00bb8px||5px|\u00bb custom_padding=\u00bb8px||5px|\u00bb][et_pb_column type=\u00bb4_4&#8243;][et_pb_text _builder_version=\u00bb3.19&#8243; text_orientation=\u00bbjustified\u00bb custom_margin=\u00bb5px|||\u00bb custom_padding=\u00bb5px|||\u00bb]<\/p>\n<p>Los invitamos a ver el \u00e1lbum Flickr con im\u00e1genes de la ceremonia, haciendo <span style=\"color: #993300;\"><strong><a style=\"color: #993300;\" href=\"https:\/\/flic.kr\/s\/aHskU6nhj7\" target=\"_blank\" rel=\"noopener\">click aqu\u00ed<\/a><\/strong><\/span><\/p>\n<p>\u00abEsta iniciativa es un apoyo a nuestra cultura de mejoramiento continuo, el cual se traduce en la incorporaci\u00f3n de desaf\u00edos que tienen que ver con balancear la cobertura curricular con el mejor logro de aprendizaje, tanto en el \u00e1mbito de formaci\u00f3n general como en el \u00e1rea de educaci\u00f3n t\u00e9cnico profesional, por lo cual viene hacer un apoyo, como lo se\u00f1alaba nuestro Seremi, respecto a seguir mejorando d\u00eda a d\u00eda, a trav\u00e9s de una mirada de altas expectativas de nuestro propio trabajo, como en el de nuestros estudiantes\u00bb, declar\u00f3 nuestro director, Sr. Claudio Ihl para el diario \u00ab<span style=\"color: #993300;\"><strong><a style=\"color: #993300;\" href=\"https:\/\/www.larazon.cl\/2019\/04\/24\/3-nuevos-liceos-bicentenarios-se-suman-a-la-red-de-excelencia-del-biobio\/\" target=\"_blank\" rel=\"noopener\">La Raz\u00f3n<\/a><\/strong><\/span>\u00ab<\/p>\n<p>[\/et_pb_text][\/et_pb_column][\/et_pb_row][et_pb_row _builder_version=\u00bb3.19&#8243;][et_pb_column type=\u00bb4_4&#8243;][et_pb_image _builder_version=\u00bb3.19&#8243; src=\u00bbhttps:\/\/www.ceat.cl\/inicio\/wp-content\/uploads\/2019\/04\/Compromiso-Bicentenario-2019_2.jpg\u00bb show_bottom_space=\u00bboff\u00bb box_shadow_style=\u00bbpreset2&#8243; url=\u00bbhttps:\/\/flic.kr\/s\/aHskU6nhj7&#8243; \/][\/et_pb_column][\/et_pb_row][et_pb_row _builder_version=\u00bb3.19&#8243; custom_margin=\u00bb||5px|\u00bb custom_padding=\u00bb||5px|\u00bb][et_pb_column type=\u00bb4_4&#8243;][et_pb_text admin_label=\u00bb10 comprmisos bicentenario\u00bb _builder_version=\u00bb3.19&#8243; text_orientation=\u00bbjustified\u00bb]<\/p>\n<h4><strong>Los 10 Compromisos Bicentenario<img loading=\"lazy\" decoding=\"async\" class=\" wp-image-8522 alignright\" src=\"https:\/\/www.ceat.cl\/inicio\/wp-content\/uploads\/2019\/04\/Documento-COMPROMISO-BICENTENARIO-225x300.jpg\" alt=\"\" width=\"335\" height=\"446\" srcset=\"https:\/\/www.ceat.cl\/inicio\/wp-content\/uploads\/2019\/04\/Documento-COMPROMISO-BICENTENARIO-225x300.jpg 225w, https:\/\/www.ceat.cl\/inicio\/wp-content\/uploads\/2019\/04\/Documento-COMPROMISO-BICENTENARIO-768x1024.jpg 768w, https:\/\/www.ceat.cl\/inicio\/wp-content\/uploads\/2019\/04\/Documento-COMPROMISO-BICENTENARIO.jpg 900w\" sizes=\"(max-width: 335px) 100vw, 335px\" \/><\/strong><\/h4>\n<ol>\n<li>Como estudiantes nos comprometemos a ser protagonistas de nuestra educaci\u00f3n, aprovechando al m\u00e1ximo las oportunidades de aprendizaje, con esfuerzo y dedicaci\u00f3n.<\/li>\n<li>Los profesores nos comprometemos a entregar una educaci\u00f3n de calidad a todos los estudiantes, gui\u00e1ndolos y motiv\u00e1ndolos a aprender.<\/li>\n<li>Los asistentes de la educaci\u00f3n nos comprometemos a otorgar un ambiente propicio para el aprendizaje.<\/li>\n<li>El equipo directivo se compromete a acompa\u00f1ar al profesor, entregarle retroalimentaci\u00f3n y orientarlo en su docencia.<\/li>\n<li>Como padres y apoderados nos comprometemos a apoyar a nuestros hijos fomentando el esfuerzo y dedicaci\u00f3n en sus deberes escolares e involucrarnos en el proyecto educativo del establecimiento.<\/li>\n<li>Como director me comprometo a ser un agente movilizador de cambio dentro de la comunidad educativa, teniendo como foco el logro de los aprendizajes.<\/li>\n<li>Como sostenedor me comprometo a apoyar la implementaci\u00f3n del proyecto Bicentenario.<\/li>\n<li>Como Seremi de Educaci\u00f3n me comprometo a acompa\u00f1ar al establecimiento, contribuyendo a mejorar la educaci\u00f3n del pa\u00eds.<\/li>\n<li>Como Ministra de Educaci\u00f3n me comprometo a trabajar por un sistema educativo que se centre en la sala de clases, la convivencia escolar y la formaci\u00f3n integral de los estudiantes.<\/li>\n<li>Como Presidente de la Rep\u00fablica me comprometo a mejorar la calidad de la educaci\u00f3n en todos los niveles y para todos los ni\u00f1os y j\u00f3venes, impulsando pol\u00edticas p\u00fablicas que fomenten la calidad, confianza y autonom\u00eda en los establecimientos educacionales de nuestro pa\u00eds.<\/li>\n<\/ol>\n<p>[\/et_pb_text][\/et_pb_column][\/et_pb_row][et_pb_row _builder_version=\u00bb3.19&#8243; custom_margin=\u00bb8px||5px|\u00bb custom_padding=\u00bb8px||5px|\u00bb][et_pb_column type=\u00bb1_5&#8243;][\/et_pb_column][et_pb_column type=\u00bb3_5&#8243;][et_pb_image _builder_version=\u00bb3.19&#8243; src=\u00bbhttps:\/\/www.ceat.cl\/inicio\/wp-content\/uploads\/2019\/04\/Firma-Compromiso-Bicentenario-2019-_-1.jpg\u00bb show_bottom_space=\u00bboff\u00bb box_shadow_style=\u00bbpreset2&#8243; url=\u00bbhttps:\/\/flic.kr\/s\/aHskU6nhj7&#8243; \/][\/et_pb_column][et_pb_column type=\u00bb1_5&#8243;][\/et_pb_column][\/et_pb_row][et_pb_row][et_pb_column type=\u00bb4_4&#8243;][et_pb_image _builder_version=\u00bb3.19&#8243; src=\u00bbhttps:\/\/www.ceat.cl\/inicio\/wp-content\/uploads\/2019\/04\/Discurso-SEREMI-ED-Firma-compromiso-Bicentenario-2019.jpg\u00bb show_bottom_space=\u00bboff\u00bb box_shadow_style=\u00bbpreset2&#8243; url=\u00bbhttps:\/\/flic.kr\/s\/aHskU6nhj7&#8243; \/][\/et_pb_column][\/et_pb_row][\/et_pb_section]<\/p>\n","protected":false},"excerpt":{"rendered":"<p>Con la presencia del Intendente de la Regi\u00f3n del Biob\u00edo, Sr. Sergio Giacaman, el SEREMI de Educaci\u00f3n, Sr. Fernando Pe\u00f1a, y directivos de los liceos Bicentenario TP, se realiz\u00f3 la firma \u00abCompromiso Bicentenario 2019\u00bb, cuyo es reforzar el acuerdo entre todos los actores de la comunidad escolar con los proyectos educativos de los que participan [&hellip;]<\/p>\n","protected":false},"author":2,"featured_media":8548,"comment_status":"open","ping_status":"open","sticky":false,"template":"","format":"standard","meta":{"_et_pb_use_builder":"on","_et_pb_old_content":"","_et_gb_content_width":"","footnotes":""},"categories":[22,3],"tags":[],"class_list":["post-8520","post","type-post","status-publish","format-standard","has-post-thumbnail","hentry","category-liceo-bicentenario","category-not-liceo"],"_links":{"self":[{"href":"https:\/\/www.ceat.cl\/inicio\/wp-json\/wp\/v2\/posts\/8520","targetHints":{"allow":["GET"]}}],"collection":[{"href":"https:\/\/www.ceat.cl\/inicio\/wp-json\/wp\/v2\/posts"}],"about":[{"href":"https:\/\/www.ceat.cl\/inicio\/wp-json\/wp\/v2\/types\/post"}],"author":[{"embeddable":true,"href":"https:\/\/www.ceat.cl\/inicio\/wp-json\/wp\/v2\/users\/2"}],"replies":[{"embeddable":true,"href":"https:\/\/www.ceat.cl\/inicio\/wp-json\/wp\/v2\/comments?post=8520"}],"version-history":[{"count":5,"href":"https:\/\/www.ceat.cl\/inicio\/wp-json\/wp\/v2\/posts\/8520\/revisions"}],"predecessor-version":[{"id":8559,"href":"https:\/\/www.ceat.cl\/inicio\/wp-json\/wp\/v2\/posts\/8520\/revisions\/8559"}],"wp:featuredmedia":[{"embeddable":true,"href":"https:\/\/www.ceat.cl\/inicio\/wp-json\/wp\/v2\/media\/8548"}],"wp:attachment":[{"href":"https:\/\/www.ceat.cl\/inicio\/wp-json\/wp\/v2\/media?parent=8520"}],"wp:term":[{"taxonomy":"category","embeddable":true,"href":"https:\/\/www.ceat.cl\/inicio\/wp-json\/wp\/v2\/categories?post=8520"},{"taxonomy":"post_tag","embeddable":true,"href":"https:\/\/www.ceat.cl\/inicio\/wp-json\/wp\/v2\/tags?post=8520"}],"curies":[{"name":"wp","href":"https:\/\/api.w.org\/{rel}","templated":true}]}}