{"id":9419,"date":"2019-08-26T21:44:23","date_gmt":"2019-08-27T00:44:23","guid":{"rendered":"https:\/\/www.ceat.cl\/inicio\/?p=9419"},"modified":"2019-08-26T21:53:58","modified_gmt":"2019-08-27T00:53:58","slug":"mineduc-anuncia-primer-acuerdo-nacional-de-educacion-tecnico-profesional","status":"publish","type":"post","link":"https:\/\/www.ceat.cl\/inicio\/mineduc-anuncia-primer-acuerdo-nacional-de-educacion-tecnico-profesional\/","title":{"rendered":"MINEDUC anuncia Primer acuerdo nacional de Educaci\u00f3n T\u00e9cnico Profesional"},"content":{"rendered":"<p>[et_pb_section bb_built=\u00bb1&#8243;][et_pb_row _builder_version=\u00bb3.19&#8243; custom_margin=\u00bb5px||5px|\u00bb custom_padding=\u00bb5px||5px|\u00bb][et_pb_column type=\u00bb4_4&#8243;][et_pb_text _builder_version=\u00bb3.19&#8243; text_orientation=\u00bbjustified\u00bb divienhancer_set=\u00bbnone\u00bb divienhancer_hover_effect=\u00bbnone\u00bb divienhancer_modal_overlay=\u00bb#333333&#8243; divienhancer_module_menu_button_background=\u00bb#333333&#8243; divienhancer_module_menu_button_color=\u00bb#ffffff\u00bb]<\/p>\n<p>Durante la ma\u00f1ana del lunes 26, el Auditorio CEAT fue el escenario en donde se celebraron los 77 a\u00f1os de Educaci\u00f3n TP. La ceremonia cont\u00f3 con la presencia del Sub Secretario de Educaci\u00f3n, Sr. Ra\u00fal Figueroa, y el SEREMI de Educaci\u00f3n del Biob\u00edo, Sr. Fernando Pe\u00f1a, quienes firmaron el Primer Acuerdo Nacional entre el Mineduc y 11 instituciones de Educaci\u00f3n Superior que permitir\u00e1 convalidar asignaturas.<\/p>\n<p>[\/et_pb_text][\/et_pb_column][\/et_pb_row][et_pb_row _builder_version=\u00bb3.19&#8243; custom_margin=\u00bb5px||5px|\u00bb custom_padding=\u00bb5px||5px|\u00bb][et_pb_column type=\u00bb1_2&#8243;][et_pb_image _builder_version=\u00bb3.19&#8243; box_shadow_style=\u00bbpreset2&#8243; divienhancer_set=\u00bbnone\u00bb divienhancer_hover_effect=\u00bbnone\u00bb divienhancer_modal_overlay=\u00bb#333333&#8243; divienhancer_module_menu_button_background=\u00bb#333333&#8243; divienhancer_module_menu_button_color=\u00bb#ffffff\u00bb src=\u00bbhttps:\/\/www.ceat.cl\/inicio\/wp-content\/uploads\/2019\/08\/EC7Q5G-WwAUZyuI.jpeg\u00bb \/][\/et_pb_column][et_pb_column type=\u00bb1_2&#8243;][et_pb_image _builder_version=\u00bb3.19&#8243; box_shadow_style=\u00bbpreset2&#8243; divienhancer_set=\u00bbnone\u00bb divienhancer_hover_effect=\u00bbnone\u00bb divienhancer_modal_overlay=\u00bb#333333&#8243; divienhancer_module_menu_button_background=\u00bb#333333&#8243; divienhancer_module_menu_button_color=\u00bb#ffffff\u00bb src=\u00bbhttps:\/\/www.ceat.cl\/inicio\/wp-content\/uploads\/2019\/08\/EC7Q5HJWwAMmlRH.jpeg\u00bb \/][\/et_pb_column][\/et_pb_row][et_pb_row _builder_version=\u00bb3.19&#8243; custom_margin=\u00bb5px||5px|\u00bb custom_padding=\u00bb5px||5px|\u00bb][et_pb_column type=\u00bb4_4&#8243;][et_pb_text _builder_version=\u00bb3.19&#8243; text_orientation=\u00bbjustified\u00bb divienhancer_set=\u00bbnone\u00bb divienhancer_hover_effect=\u00bbnone\u00bb divienhancer_modal_overlay=\u00bb#333333&#8243; divienhancer_module_menu_button_background=\u00bb#333333&#8243; divienhancer_module_menu_button_color=\u00bb#ffffff\u00bb]<\/p>\n<p>De forma simult\u00e1nea, en el Liceo Bicentenario Polit\u00e9cnico Andes de Renca, llegaron la Ministra de Educaci\u00f3n, Marcela Cubillos, y el Subsecretario Educaci\u00f3n Superior, Juan Eduardo Vargas, donde anunciaron el \u201cPrimer Acuerdo Nacional de Convalidaci\u00f3n T\u00e9cnico Profesional\u201d. En la oportunidad, la Ministra Cubillos anunici\u00f3 que \u201cSeguimos avanzando en nuestro compromiso de fortalecer y modernizar la Educaci\u00f3n T\u00e9cnico Profesional. Este es un acuerdo que premia el m\u00e9rito de aquellos estudiantes que se esforzaron durante su ense\u00f1anza media y que deciden continuar profundizando sus estudios en la Educaci\u00f3n Superior TP\u201d.<\/p>\n<p>[\/et_pb_text][\/et_pb_column][\/et_pb_row][et_pb_row _builder_version=\u00bb3.19&#8243; custom_margin=\u00bb5px||5px|\u00bb custom_padding=\u00bb5px||5px|\u00bb][et_pb_column type=\u00bb1_2&#8243;][et_pb_image _builder_version=\u00bb3.19&#8243; box_shadow_style=\u00bbpreset2&#8243; divienhancer_set=\u00bbnone\u00bb divienhancer_hover_effect=\u00bbnone\u00bb divienhancer_modal_overlay=\u00bb#333333&#8243; divienhancer_module_menu_button_background=\u00bb#333333&#8243; divienhancer_module_menu_button_color=\u00bb#ffffff\u00bb src=\u00bbhttps:\/\/www.ceat.cl\/inicio\/wp-content\/uploads\/2019\/08\/EC7Q5G-XYAAWRfV.jpeg\u00bb \/][\/et_pb_column][et_pb_column type=\u00bb1_2&#8243;][et_pb_image _builder_version=\u00bb3.19&#8243; box_shadow_style=\u00bbpreset2&#8243; divienhancer_set=\u00bbnone\u00bb divienhancer_hover_effect=\u00bbnone\u00bb divienhancer_modal_overlay=\u00bb#333333&#8243; divienhancer_module_menu_button_background=\u00bb#333333&#8243; divienhancer_module_menu_button_color=\u00bb#ffffff\u00bb src=\u00bbhttps:\/\/www.ceat.cl\/inicio\/wp-content\/uploads\/2019\/08\/EC7Q5G-W4AA0pf8.jpeg\u00bb \/][\/et_pb_column][\/et_pb_row][et_pb_row _builder_version=\u00bb3.19&#8243; custom_margin=\u00bb5px||5px|\u00bb custom_padding=\u00bb5px||5px|\u00bb][et_pb_column type=\u00bb4_4&#8243;][et_pb_text _builder_version=\u00bb3.19&#8243; text_orientation=\u00bbjustified\u00bb divienhancer_set=\u00bbnone\u00bb divienhancer_hover_effect=\u00bbnone\u00bb divienhancer_modal_overlay=\u00bb#333333&#8243; divienhancer_module_menu_button_background=\u00bb#333333&#8243; divienhancer_module_menu_button_color=\u00bb#ffffff\u00bb]<\/p>\n<p>Asimismo, cada instituci\u00f3n de Educaci\u00f3n Superior podr\u00e1 reconocer un n\u00famero mayor de asignaturas o incorporar otras especialidades si as\u00ed lo requiere. Las Instituciones de Educaci\u00f3n Superior entregar\u00e1n anualmente un informe de seguimiento con el rendimiento de los estudiantes para determinar el impacto de este convenio y establecer las acciones de mejora que sean necesarias. <\/p>\n<p>El proceso estar\u00e1 disponible en los sitios web de cada instituci\u00f3n, indicando los plazos, carreras con el beneficio, ramos articulados y condiciones para que los postulantes hagan efectiva esta convalidaci\u00f3n.<\/p>\n<p>Este acuerdo comenzar\u00e1 a regir con los estudiantes que ingresan el 2020 a alguna de las once instituciones que suscribieron el acuerdo, cuyo requisito era contar con al menos 4 a\u00f1os de acreditaci\u00f3n: Duoc-UC, INACAP, ENAC, CFT San Agust\u00edn, Ceduc UCN, CFT PUCV, AIEP, Arcos, CFT estatales, Vertebral, IES TP Cruch.<\/p>\n<p>[\/et_pb_text][\/et_pb_column][\/et_pb_row][\/et_pb_section]<\/p>\n","protected":false},"excerpt":{"rendered":"<p>Durante la ma\u00f1ana del lunes 26, el Auditorio CEAT fue el escenario en donde se celebraron los 77 a\u00f1os de Educaci\u00f3n TP. La ceremonia cont\u00f3 con la presencia del Sub Secretario de Educaci\u00f3n, Sr. Ra\u00fal Figueroa, y el SEREMI de Educaci\u00f3n del Biob\u00edo, Sr. Fernando Pe\u00f1a, quienes firmaron el Primer Acuerdo Nacional entre el Mineduc [&hellip;]<\/p>\n","protected":false},"author":2,"featured_media":9421,"comment_status":"open","ping_status":"open","sticky":false,"template":"","format":"standard","meta":{"_et_pb_use_builder":"on","_et_pb_old_content":"","_et_gb_content_width":"","footnotes":""},"categories":[22,3],"tags":[],"class_list":["post-9419","post","type-post","status-publish","format-standard","has-post-thumbnail","hentry","category-liceo-bicentenario","category-not-liceo"],"_links":{"self":[{"href":"https:\/\/www.ceat.cl\/inicio\/wp-json\/wp\/v2\/posts\/9419","targetHints":{"allow":["GET"]}}],"collection":[{"href":"https:\/\/www.ceat.cl\/inicio\/wp-json\/wp\/v2\/posts"}],"about":[{"href":"https:\/\/www.ceat.cl\/inicio\/wp-json\/wp\/v2\/types\/post"}],"author":[{"embeddable":true,"href":"https:\/\/www.ceat.cl\/inicio\/wp-json\/wp\/v2\/users\/2"}],"replies":[{"embeddable":true,"href":"https:\/\/www.ceat.cl\/inicio\/wp-json\/wp\/v2\/comments?post=9419"}],"version-history":[{"count":2,"href":"https:\/\/www.ceat.cl\/inicio\/wp-json\/wp\/v2\/posts\/9419\/revisions"}],"predecessor-version":[{"id":9425,"href":"https:\/\/www.ceat.cl\/inicio\/wp-json\/wp\/v2\/posts\/9419\/revisions\/9425"}],"wp:featuredmedia":[{"embeddable":true,"href":"https:\/\/www.ceat.cl\/inicio\/wp-json\/wp\/v2\/media\/9421"}],"wp:attachment":[{"href":"https:\/\/www.ceat.cl\/inicio\/wp-json\/wp\/v2\/media?parent=9419"}],"wp:term":[{"taxonomy":"category","embeddable":true,"href":"https:\/\/www.ceat.cl\/inicio\/wp-json\/wp\/v2\/categories?post=9419"},{"taxonomy":"post_tag","embeddable":true,"href":"https:\/\/www.ceat.cl\/inicio\/wp-json\/wp\/v2\/tags?post=9419"}],"curies":[{"name":"wp","href":"https:\/\/api.w.org\/{rel}","templated":true}]}}